{"id":12190,"date":"2025-11-11T13:46:53","date_gmt":"2025-11-11T16:46:53","guid":{"rendered":"https:\/\/espacolivresergipe.com.br\/?p=12190"},"modified":"2025-11-11T13:46:53","modified_gmt":"2025-11-11T16:46:53","slug":"governo-prorroga-prazo-para-contestar-descontos-indevidos-do-inss","status":"publish","type":"post","link":"https:\/\/espacolivresergipe.com.br\/index.php\/2025\/11\/11\/governo-prorroga-prazo-para-contestar-descontos-indevidos-do-inss\/","title":{"rendered":"Governo prorroga prazo para contestar descontos indevidos do INSS"},"content":{"rendered":"\n<p>\u00e3o Paulo, 11\/11\/2025 \u2013 O governo federal prorrogou para&nbsp;<strong>14 de fevereiro de 2026<\/strong>&nbsp;o prazo final para contestar descontos indevidos na folha de benef\u00edcios do Instituto Nacional do Seguro Social (INSS). Antes, a previs\u00e3o era que os canais de den\u00fancia se encerrassem na pr\u00f3xima sexta-feira, 14 de novembro.<\/p>\n\n\n\n<p>A contesta\u00e7\u00e3o nos canais oficiais do instituto \u00e9 o primeiro passo para aderir ao acordo de ressarcimento, que j\u00e1 devolveu&nbsp;<mark>R$ 2,54 bilh\u00f5es a 3,7 milh\u00f5es de segurados<\/mark>.<\/p>\n\n\n\n<p>As contesta\u00e7\u00f5es podem ser feitas pelo aplicativo ou site&nbsp;<strong>\u201cMeu INSS\u201d<\/strong>, pelo telefone&nbsp;<strong>135<\/strong>&nbsp;ou em uma das&nbsp;<strong>4.730<\/strong>&nbsp;ag\u00eancias dos Correios espalhadas pelo Pa\u00eds. Nesses canais, o aposentado deve informar se reconhece os descontos associativos; caso n\u00e3o reconhe\u00e7a, deve aguardar 15 dias \u00fateis pela resposta da entidade questionada.<\/p>\n\n\n\n<p><strong>Leia tamb\u00e9m:<\/strong>&nbsp;<a href=\"https:\/\/viva.com.br\/cidadania-e-direitos\/governo-libera-r-217-milhoes-para-inss-programa-de-filas-segue-suspenso.html\" rel=\"noreferrer noopener\" target=\"_blank\">Governo libera R$ 217 milh\u00f5es para INSS; programa de filas segue suspenso<\/a><\/p>\n\n\n\n<p>Se a associa\u00e7\u00e3o n\u00e3o responder nesse prazo, o benefici\u00e1rio fica apto a ingressar no acordo, desde que as cobran\u00e7as tenham ocorrido&nbsp;<strong>entre mar\u00e7o de 2020 e mar\u00e7o de 2025<\/strong>.<\/p>\n\n\n\n<h2 class=\"wp-block-heading\">Balan\u00e7o do acordo de reembolso<\/h2>\n\n\n\n<p>Segundo dados divulgados pelo INSS na segunda-feira, 10,&nbsp;<strong>77,4%<\/strong>&nbsp;dos benefici\u00e1rios j\u00e1 aderiram ao acordo de ressarcimento. Outros um milh\u00e3o de pessoas est\u00e3o aptas, mas n\u00e3o solicitaram o reembolso.<\/p>\n\n\n\n<p>At\u00e9 o momento, 6,1 milh\u00f5es de segurados sinalizaram reconhecer ou n\u00e3o os descontos associativos \u2013 desse total, 98% (6 milh\u00f5es) contestaram as dedu\u00e7\u00f5es. Ao todo,&nbsp;<mark>44 entidades associativas foram apontadas como respons\u00e1veis pelos abatimentos n\u00e3o autorizados<\/mark>.<\/p>\n\n\n\n<p>As entidades responderam, dentro dos 15 dias \u00fateis e com apresenta\u00e7\u00e3o de documentos, a 1,5 milh\u00e3o de contesta\u00e7\u00f5es, o que torna esses segurados inaptos a aderir ao acordo, salvo se forem comprovadas novas fraudes, como documentos ou assinaturas falsificadas.<\/p>\n\n\n\n<p>Dessas manifesta\u00e7\u00f5es,&nbsp;<mark>54,9% foram registradas pelo aplicativo ou site \u201cMeu INSS\u201d, 34,4% nas ag\u00eancias dos Correios e 6,7% pelo telefone 135<\/mark>.<\/p>\n\n\n\n<p>Os dep\u00f3sitos s\u00e3o feitos em lotes di\u00e1rios, em parcela \u00fanica, corrigidos pelo \u00cdndice Nacional de Pre\u00e7os ao Consumidor Amplo (IPCA) e obedecem \u00e0 ordem de ades\u00e3o \u2013 quem aceitar primeiro recebe primeiro.<\/p>\n\n\n\n<p>Mesmo os aposentados que acionaram a Justi\u00e7a contra a Uni\u00e3o podem aderir ao acordo, desde que ainda n\u00e3o tenham recebido os valores. Para isso, \u00e9 preciso desistir da a\u00e7\u00e3o.&nbsp;<strong>Ainda n\u00e3o h\u00e1 prazo final para ades\u00e3o<\/strong>.<\/p>\n\n\n\n<h2 class=\"wp-block-heading\">Como aderir ao acordo<\/h2>\n\n\n\n<p>\u2022 Acesse o aplicativo &#8220;<a href=\"https:\/\/meu.inss.gov.br\/\" rel=\"noreferrer noopener\" target=\"_blank\">Meu INSS<\/a>&#8221; com CPF e senha;<br>\u2022 V\u00e1 em \u201cConsultar Pedidos\u201d e clique em \u201cCumprir Exig\u00eancia\u201d;<br>\u2022 Role at\u00e9 o coment\u00e1rio mais recente e selecione \u201cSim\u201d no campo \u201cAceito receber\u201d;<br>\u2022 Clique em \u201cEnviar\u201d.<\/p>\n\n\n\n<p>Tamb\u00e9m \u00e9 poss\u00edvel aderir presencialmente, nos Correios (confira as ag\u00eancias&nbsp;<a href=\"https:\/\/www.correios.com.br\/central-de-informacoes\/boletim-aos-clientes\/arquivos\/unidades_correios_atestmed.pdf\" rel=\"noreferrer noopener\" target=\"_blank\">aqui<\/a>), sem apresentar documentos adicionais. N\u00e3o \u00e9 poss\u00edvel aderir ao acordo pelo canal 135. O INSS se comprometeu a contestar automaticamente os&nbsp;grupos priorit\u00e1rios: pessoas idosas com mais de 80 anos, ind\u00edgenas e quilombolas.<\/p>\n","protected":false},"excerpt":{"rendered":"<p>\u00e3o Paulo, 11\/11\/2025 \u2013 O governo federal prorrogou para&nbsp;14 de fevereiro de 2026&nbsp;o prazo final para contestar descontos indevidos na folha de benef\u00edcios do Instituto Nacional do Seguro Social (INSS). Antes, a previs\u00e3o era que os canais de den\u00fancia se encerrassem na pr\u00f3xima sexta-feira, 14 de novembro. A contesta\u00e7\u00e3o nos canais oficiais do instituto \u00e9 [&hellip;]<\/p>\n","protected":false},"author":1,"featured_media":12191,"comment_status":"open","ping_status":"open","sticky":false,"template":"","format":"standard","meta":{"footnotes":""},"categories":[13,10],"tags":[],"class_list":["post-12190","post","type-post","status-publish","format-standard","has-post-thumbnail","hentry","category-acontece","category-noticias"],"_links":{"self":[{"href":"https:\/\/espacolivresergipe.com.br\/index.php\/wp-json\/wp\/v2\/posts\/12190","targetHints":{"allow":["GET"]}}],"collection":[{"href":"https:\/\/espacolivresergipe.com.br\/index.php\/wp-json\/wp\/v2\/posts"}],"about":[{"href":"https:\/\/espacolivresergipe.com.br\/index.php\/wp-json\/wp\/v2\/types\/post"}],"author":[{"embeddable":true,"href":"https:\/\/espacolivresergipe.com.br\/index.php\/wp-json\/wp\/v2\/users\/1"}],"replies":[{"embeddable":true,"href":"https:\/\/espacolivresergipe.com.br\/index.php\/wp-json\/wp\/v2\/comments?post=12190"}],"version-history":[{"count":1,"href":"https:\/\/espacolivresergipe.com.br\/index.php\/wp-json\/wp\/v2\/posts\/12190\/revisions"}],"predecessor-version":[{"id":12192,"href":"https:\/\/espacolivresergipe.com.br\/index.php\/wp-json\/wp\/v2\/posts\/12190\/revisions\/12192"}],"wp:featuredmedia":[{"embeddable":true,"href":"https:\/\/espacolivresergipe.com.br\/index.php\/wp-json\/wp\/v2\/media\/12191"}],"wp:attachment":[{"href":"https:\/\/espacolivresergipe.com.br\/index.php\/wp-json\/wp\/v2\/media?parent=12190"}],"wp:term":[{"taxonomy":"category","embeddable":true,"href":"https:\/\/espacolivresergipe.com.br\/index.php\/wp-json\/wp\/v2\/categories?post=12190"},{"taxonomy":"post_tag","embeddable":true,"href":"https:\/\/espacolivresergipe.com.br\/index.php\/wp-json\/wp\/v2\/tags?post=12190"}],"curies":[{"name":"wp","href":"https:\/\/api.w.org\/{rel}","templated":true}]}}