{"id":1248,"date":"2025-03-23T06:48:49","date_gmt":"2025-03-23T09:48:49","guid":{"rendered":"https:\/\/espacolivresergipe.com.br\/?p=1248"},"modified":"2025-03-23T06:48:50","modified_gmt":"2025-03-23T09:48:50","slug":"governador-discute-acoes-de-saude-com-representante-do-governo-federal","status":"publish","type":"post","link":"https:\/\/espacolivresergipe.com.br\/index.php\/2025\/03\/23\/governador-discute-acoes-de-saude-com-representante-do-governo-federal\/","title":{"rendered":"Governador discute a\u00e7\u00f5es de sa\u00fade com representante do governo federal"},"content":{"rendered":"\n<p>Foram alinhadas estrat\u00e9gias para amplia\u00e7\u00e3o de servi\u00e7os em Sergipe<\/p>\n\n\n\n<p>A diminui\u00e7\u00e3o do tempo de espera em filas de exames e consultas especializadas e a amplia\u00e7\u00e3o do tratamento oncol\u00f3gico na rede p\u00fablica de sa\u00fade foram temas de reuni\u00e3o entre o governador F\u00e1bio Mitidieri e o diretor de Aten\u00e7\u00e3o Especializada do Minist\u00e9rio da Sa\u00fade, Mozart Sales, neste s\u00e1bado, 22.<\/p>\n\n\n\n<p>O Programa Mais Acesso a Especialistas (PMAE) \u00e9 um programa do Governo Federal que visa melhorar o acesso a consultas e exames especializados. O programa \u00e9 executado em parceria com estados e munic\u00edpios e busca fortalecer a Pol\u00edtica Nacional de Aten\u00e7\u00e3o Especializada \u00e0 Sa\u00fade.<\/p>\n\n\n\n<p>&nbsp;\u201cVamos agir de forma muito parceira com o Estado, com o governador F\u00e1bio e o secret\u00e1rio Cl\u00e1udio, para que possamos garantir que a popula\u00e7\u00e3o seja atendida no tempo adequado. Esta \u00e9 uma determina\u00e7\u00e3o do presidente Lula e do ministro Padilha, de estarmos pr\u00f3ximos dos estados e dos munic\u00edpios para reduzir o tempo de espera\u201d, disse Mozart.<\/p>\n\n\n\n<p>O governador F\u00e1bio Mitidieri agradeceu a parceria do Minist\u00e9rio no alinhamento para amplia\u00e7\u00e3o de servi\u00e7os e garantiu que Sergipe ter\u00e1 duas novas unidades para tratamento oncol\u00f3gico, que s\u00e3o o Hospital do Amor e o Hospital do C\u00e2ncer.<\/p>\n\n\n\n<p>\u201cEsse \u00e9 um momento importante para iniciarmos as tratativas sobre o Hospital do Amor na nossa rede oncol\u00f3gica e para ajustarmos a\u00e7\u00f5es para redu\u00e7\u00e3o de tempo de espera em filas de consultas e exames. Sergipe j\u00e1 conta com o Opera Sergipe, que vem dando celeridade aos procedimentos cir\u00fargicos de m\u00e9dia e baixa complexidade, e iremos implantar o Examina Sergipe, para atender \u00e0 demanda de exames. A parceria com o governo federal \u00e9 fundamental para ofertarmos uma sa\u00fade p\u00fablica de qualidade\u201d, disse o governador.<\/p>\n\n\n\n<p>Estiveram presentes no encontro o senador Alessandro Vieira e os secret\u00e1rios de Estado da Sa\u00fade, Cl\u00e1udio Mitidieri, e da Casa Civil, Jorginho Araujo.<\/p>\n\n\n\n<p>Foto: Reinaldo Moura<\/p>\n","protected":false},"excerpt":{"rendered":"<p>Foram alinhadas estrat\u00e9gias para amplia\u00e7\u00e3o de servi\u00e7os em Sergipe A diminui\u00e7\u00e3o do tempo de espera em filas de exames e consultas especializadas e a amplia\u00e7\u00e3o do tratamento oncol\u00f3gico na rede p\u00fablica de sa\u00fade foram temas de reuni\u00e3o entre o governador F\u00e1bio Mitidieri e o diretor de Aten\u00e7\u00e3o Especializada do Minist\u00e9rio da Sa\u00fade, Mozart Sales, neste [&hellip;]<\/p>\n","protected":false},"author":2,"featured_media":1249,"comment_status":"open","ping_status":"open","sticky":false,"template":"","format":"standard","meta":{"footnotes":""},"categories":[11,6,2],"tags":[],"class_list":["post-1248","post","type-post","status-publish","format-standard","has-post-thumbnail","hentry","category-destaque","category-letreiro","category-politica"],"_links":{"self":[{"href":"https:\/\/espacolivresergipe.com.br\/index.php\/wp-json\/wp\/v2\/posts\/1248","targetHints":{"allow":["GET"]}}],"collection":[{"href":"https:\/\/espacolivresergipe.com.br\/index.php\/wp-json\/wp\/v2\/posts"}],"about":[{"href":"https:\/\/espacolivresergipe.com.br\/index.php\/wp-json\/wp\/v2\/types\/post"}],"author":[{"embeddable":true,"href":"https:\/\/espacolivresergipe.com.br\/index.php\/wp-json\/wp\/v2\/users\/2"}],"replies":[{"embeddable":true,"href":"https:\/\/espacolivresergipe.com.br\/index.php\/wp-json\/wp\/v2\/comments?post=1248"}],"version-history":[{"count":1,"href":"https:\/\/espacolivresergipe.com.br\/index.php\/wp-json\/wp\/v2\/posts\/1248\/revisions"}],"predecessor-version":[{"id":1250,"href":"https:\/\/espacolivresergipe.com.br\/index.php\/wp-json\/wp\/v2\/posts\/1248\/revisions\/1250"}],"wp:featuredmedia":[{"embeddable":true,"href":"https:\/\/espacolivresergipe.com.br\/index.php\/wp-json\/wp\/v2\/media\/1249"}],"wp:attachment":[{"href":"https:\/\/espacolivresergipe.com.br\/index.php\/wp-json\/wp\/v2\/media?parent=1248"}],"wp:term":[{"taxonomy":"category","embeddable":true,"href":"https:\/\/espacolivresergipe.com.br\/index.php\/wp-json\/wp\/v2\/categories?post=1248"},{"taxonomy":"post_tag","embeddable":true,"href":"https:\/\/espacolivresergipe.com.br\/index.php\/wp-json\/wp\/v2\/tags?post=1248"}],"curies":[{"name":"wp","href":"https:\/\/api.w.org\/{rel}","templated":true}]}}