{"id":12485,"date":"2026-04-28T19:44:21","date_gmt":"2026-04-28T22:44:21","guid":{"rendered":"https:\/\/espacolivresergipe.com.br\/?p=12485"},"modified":"2026-04-28T19:44:22","modified_gmt":"2026-04-28T22:44:22","slug":"cade-abre-investigacao-sobre-possivel-alinhamento-de-precos-entre-latam-e-gol","status":"publish","type":"post","link":"https:\/\/espacolivresergipe.com.br\/index.php\/2026\/04\/28\/cade-abre-investigacao-sobre-possivel-alinhamento-de-precos-entre-latam-e-gol\/","title":{"rendered":"CADE abre investiga\u00e7\u00e3o sobre poss\u00edvel alinhamento de pre\u00e7os entre Latam e Gol"},"content":{"rendered":"\n<p>O Conselho Administrativo de Defesa Econ\u00f4mica (Cade) instaurou um processo administrativo para apurar suspeitas de poss\u00edvel alinhamento de tarifas entre as companhias a\u00e9reas Latam e Gol no mercado de transporte de passageiros.<\/p>\n\n\n\n<p>A investiga\u00e7\u00e3o busca verificar se houve pr\u00e1tica coordenada na defini\u00e7\u00e3o dos pre\u00e7os das passagens, o que pode configurar conduta anticoncorrencial, caso seja comprovado. A apura\u00e7\u00e3o teve in\u00edcio na Superintend\u00eancia-Geral do Cade, que analisou um amplo volume de dados do setor, incluindo bases de mercado e mecanismos de precifica\u00e7\u00e3o utilizados pelas empresas.<\/p>\n\n\n\n<p>Segundo o \u00f3rg\u00e3o, foram observados ind\u00edcios de comportamento interdependente entre os pre\u00e7os praticados pelas companhias, com padr\u00f5es considerados recorrentes ao longo do tempo.<\/p>\n\n\n\n<p>O Cade tamb\u00e9m avalia se essa din\u00e2mica pode ser explicada por fatores t\u00edpicos de mercado ou se existem elementos que possam ter facilitado uma coordena\u00e7\u00e3o indireta, como o uso de algoritmos de precifica\u00e7\u00e3o ou eventual compartilhamento de informa\u00e7\u00f5es estrat\u00e9gicas.<\/p>\n\n\n\n<p>A investiga\u00e7\u00e3o n\u00e3o se restringe a casos pontuais, mas considera a evolu\u00e7\u00e3o das tarifas em diferentes per\u00edodos para identificar se h\u00e1 sinais de alinhamento sistem\u00e1tico entre as empresas.<\/p>\n\n\n\n<p>O caso refor\u00e7a preocupa\u00e7\u00f5es que j\u00e1 vinham sendo levantadas sobre o setor a\u00e9reo. Em apura\u00e7\u00f5es anteriores, \u00f3rg\u00e3os de controle identificaram semelhan\u00e7as relevantes nos valores cobrados em algumas rotas, incluindo registros de passagens com pre\u00e7os id\u00eanticos at\u00e9 nos centavos.<\/p>\n\n\n\n<p>Se comprovada a exist\u00eancia de cartel ou outra infra\u00e7\u00e3o \u00e0 ordem econ\u00f4mica, as companhias poder\u00e3o ser alvo de san\u00e7\u00f5es previstas em lei, como aplica\u00e7\u00e3o de multas e outras penalidades. Com a abertura do processo, as empresas ter\u00e3o direito \u00e0 ampla defesa.<\/p>\n\n\n\n<p>A an\u00e1lise ocorre em um momento de alta nos pre\u00e7os das passagens e de maior aten\u00e7\u00e3o sobre a concorr\u00eancia no setor a\u00e9reo brasileiro, marcado por concentra\u00e7\u00e3o de mercado e forte impacto dos custos operacionais.<\/p>\n\n\n\n<p>At\u00e9 o momento, Latam e Gol n\u00e3o se manifestaram sobre o caso.<\/p>\n\n\n\n<p><\/p>\n\n\n\n<p><\/p>\n","protected":false},"excerpt":{"rendered":"<p>O Conselho Administrativo de Defesa Econ\u00f4mica (Cade) instaurou um processo administrativo para apurar suspeitas de poss\u00edvel alinhamento de tarifas entre as companhias a\u00e9reas Latam e Gol no mercado de transporte de passageiros. A investiga\u00e7\u00e3o busca verificar se houve pr\u00e1tica coordenada na defini\u00e7\u00e3o dos pre\u00e7os das passagens, o que pode configurar conduta anticoncorrencial, caso seja comprovado. [&hellip;]<\/p>\n","protected":false},"author":5,"featured_media":12486,"comment_status":"open","ping_status":"open","sticky":false,"template":"","format":"standard","meta":{"footnotes":""},"categories":[4],"tags":[],"class_list":["post-12485","post","type-post","status-publish","format-standard","has-post-thumbnail","hentry","category-economia"],"_links":{"self":[{"href":"https:\/\/espacolivresergipe.com.br\/index.php\/wp-json\/wp\/v2\/posts\/12485","targetHints":{"allow":["GET"]}}],"collection":[{"href":"https:\/\/espacolivresergipe.com.br\/index.php\/wp-json\/wp\/v2\/posts"}],"about":[{"href":"https:\/\/espacolivresergipe.com.br\/index.php\/wp-json\/wp\/v2\/types\/post"}],"author":[{"embeddable":true,"href":"https:\/\/espacolivresergipe.com.br\/index.php\/wp-json\/wp\/v2\/users\/5"}],"replies":[{"embeddable":true,"href":"https:\/\/espacolivresergipe.com.br\/index.php\/wp-json\/wp\/v2\/comments?post=12485"}],"version-history":[{"count":1,"href":"https:\/\/espacolivresergipe.com.br\/index.php\/wp-json\/wp\/v2\/posts\/12485\/revisions"}],"predecessor-version":[{"id":12487,"href":"https:\/\/espacolivresergipe.com.br\/index.php\/wp-json\/wp\/v2\/posts\/12485\/revisions\/12487"}],"wp:featuredmedia":[{"embeddable":true,"href":"https:\/\/espacolivresergipe.com.br\/index.php\/wp-json\/wp\/v2\/media\/12486"}],"wp:attachment":[{"href":"https:\/\/espacolivresergipe.com.br\/index.php\/wp-json\/wp\/v2\/media?parent=12485"}],"wp:term":[{"taxonomy":"category","embeddable":true,"href":"https:\/\/espacolivresergipe.com.br\/index.php\/wp-json\/wp\/v2\/categories?post=12485"},{"taxonomy":"post_tag","embeddable":true,"href":"https:\/\/espacolivresergipe.com.br\/index.php\/wp-json\/wp\/v2\/tags?post=12485"}],"curies":[{"name":"wp","href":"https:\/\/api.w.org\/{rel}","templated":true}]}}