{"id":147,"date":"2025-03-12T14:41:13","date_gmt":"2025-03-12T17:41:13","guid":{"rendered":"https:\/\/espacolivresergipe.com.br\/?p=147"},"modified":"2025-03-12T14:41:14","modified_gmt":"2025-03-12T17:41:14","slug":"deputados-acompanham-apresentacao-do-estudo-para-construcao-da-segunda-ponte-sobre-o-rio-sergipe","status":"publish","type":"post","link":"https:\/\/espacolivresergipe.com.br\/index.php\/2025\/03\/12\/deputados-acompanham-apresentacao-do-estudo-para-construcao-da-segunda-ponte-sobre-o-rio-sergipe\/","title":{"rendered":"Deputados acompanham apresenta\u00e7\u00e3o do estudo para constru\u00e7\u00e3o da segunda ponte sobre o Rio Sergipe"},"content":{"rendered":"\n<p>Os deputados da Assembleia Legislativa de Sergipe participaram da apresenta\u00e7\u00e3o do Estudo de Viabilidade T\u00e9cnica, Econ\u00f4mica e Ambiental (EVTEA) para a constru\u00e7\u00e3o da segunda ponte sobre o Rio Sergipe. A nova estrutura interligar\u00e1 os munic\u00edpios de Aracaju e Barra dos Coqueiros, visando melhorar a mobilidade urbana e impulsionar o desenvolvimento econ\u00f4mico da regi\u00e3o.<\/p>\n\n\n\n<p>O evento foi realizado no audit\u00f3rio da Companhia de Desenvolvimento Econ\u00f4mico de Sergipe (Codise) e contou com a presen\u00e7a do presidente da Assembleia Legislativa, Jeferson Andrade (PSD), do governador F\u00e1bio Mitidieri (PSD), al\u00e9m de autoridades e representantes da sociedade civil.<\/p>\n\n\n\n<p>Mobilidade e desenvolvimento<\/p>\n\n\n\n<p>Segundo Jeferson Andrade, a localiza\u00e7\u00e3o escolhida para a nova ponte leva em considera\u00e7\u00e3o a necessidade de desafogar o tr\u00e2nsito na atual Ponte Construtor Jo\u00e3o Alves, que opera no limite de sua capacidade. Al\u00e9m disso, a obra facilitar\u00e1 o acesso ao litoral norte sergipano.<\/p>\n\n\n\n<p>\u201c\u00c9 uma iniciativa fundamental do governador F\u00e1bio Mitidieri. Aracaju precisa reorganizar sua mobilidade urbana, e essa obra representa um avan\u00e7o significativo. A Assembleia Legislativa aprovou o projeto e tem a honra de contribuir para essa iniciativa grandiosa, que trar\u00e1 benef\u00edcios n\u00e3o apenas para Aracaju e Barra dos Coqueiros, mas para todo o estado\u201d, destacou Jeferson Andrade.<\/p>\n\n\n\n<p>O governador F\u00e1bio Mitidieri (PSD) refor\u00e7ou a import\u00e2ncia do estudo para um planejamento urbano sustent\u00e1vel e afirmou que os benef\u00edcios estimados da obra superam os custos previstos. \u201cO EVTEA aponta que a nova ponte trar\u00e1 melhorias diretas \u00e0 mobilidade urbana, tornando o deslocamento entre as cidades mais \u00e1gil e fortalecendo setores como com\u00e9rcio, turismo e log\u00edstica. Al\u00e9m disso, o fluxo de ve\u00edculos pesados ser\u00e1 melhor distribu\u00eddo, reduzindo congestionamentos e aumentando a efici\u00eancia no transporte de mercadorias e servi\u00e7os\u201d, explicou Mitidieri.<\/p>\n\n\n\n<p>Expectativa para a obra<\/p>\n\n\n\n<p>O deputado Adailton Martins (PSD)tamb\u00e9m destacou a necessidade da nova ponte, ressaltando o crescimento populacional da Barra dos Coqueiros. \u201cEm cinco anos, a cidade ter\u00e1 quase 100 mil habitantes, tornando invi\u00e1vel o tr\u00e2nsito apenas pela atual ponte. Sens\u00edvel a essa realidade e ao desenvolvimento da regi\u00e3o, o governador apresentou este estudo de viabilidade, e esperamos que a ordem de servi\u00e7o seja dada ainda este ano, para que a obra avance j\u00e1 no pr\u00f3ximo\u201d, afirmou.<\/p>\n\n\n\n<p>J\u00e1 o deputado Luiz\u00e3o Donatrampi (Uni\u00e3o) refor\u00e7ou a import\u00e2ncia do empreendimento para o estado e a necessidade de transpar\u00eancia no projeto. \u201c\u00c9 um investimento essencial, e a apresenta\u00e7\u00e3o de hoje descartou algumas \u00e1reas que exigiriam estudos ambientais mais aprofundados. \u00c9 fundamental que a popula\u00e7\u00e3o compreenda o projeto e os recursos envolvidos\u201d, pontuou.<\/p>\n\n\n\n<p>A nova ponte ser\u00e1 constru\u00edda na zona costeira entre Aracaju e Barra dos Coqueiros, em uma \u00e1rea de grande import\u00e2ncia ambiental e urban\u00edstica. De um lado, a ponte partir\u00e1 da regi\u00e3o do bairro Coroa do Meio, em Aracaju, pr\u00f3ximo ao Shopping Riomar. Do outro, a conex\u00e3o ocorrer\u00e1 na Atalaia Nova, no munic\u00edpio da Barra dos Coqueiros, ao norte da atual mancha urbana do bairro.<\/p>\n\n\n\n<p>Com a conclus\u00e3o do EVTEA, os pr\u00f3ximos passos incluem a continuidade da elabora\u00e7\u00e3o do anteprojeto de engenharia, bem como os avan\u00e7os das demandas relacionadas ao Estudo de Impacto Ambiental (EIA-Rima), que culminar\u00e1 na realiza\u00e7\u00e3o de audi\u00eancia p\u00fablica, etapa fundamental no processo de licenciamento para implanta\u00e7\u00e3o da segunda ponte interligando os munic\u00edpios de Aracaju e Barra dos Coqueiros.<\/p>\n\n\n\n<p>Por Stephanie Macedo &#8211; Foto: Governo de Sergipe<\/p>\n","protected":false},"excerpt":{"rendered":"<p>Os deputados da Assembleia Legislativa de Sergipe participaram da apresenta\u00e7\u00e3o do Estudo de Viabilidade T\u00e9cnica, Econ\u00f4mica e Ambiental (EVTEA) para a constru\u00e7\u00e3o da segunda ponte sobre o Rio Sergipe. A nova estrutura interligar\u00e1 os munic\u00edpios de Aracaju e Barra dos Coqueiros, visando melhorar a mobilidade urbana e impulsionar o desenvolvimento econ\u00f4mico da regi\u00e3o. O evento [&hellip;]<\/p>\n","protected":false},"author":2,"featured_media":148,"comment_status":"open","ping_status":"open","sticky":false,"template":"","format":"standard","meta":{"footnotes":""},"categories":[11,2],"tags":[],"class_list":["post-147","post","type-post","status-publish","format-standard","has-post-thumbnail","hentry","category-destaque","category-politica"],"_links":{"self":[{"href":"https:\/\/espacolivresergipe.com.br\/index.php\/wp-json\/wp\/v2\/posts\/147","targetHints":{"allow":["GET"]}}],"collection":[{"href":"https:\/\/espacolivresergipe.com.br\/index.php\/wp-json\/wp\/v2\/posts"}],"about":[{"href":"https:\/\/espacolivresergipe.com.br\/index.php\/wp-json\/wp\/v2\/types\/post"}],"author":[{"embeddable":true,"href":"https:\/\/espacolivresergipe.com.br\/index.php\/wp-json\/wp\/v2\/users\/2"}],"replies":[{"embeddable":true,"href":"https:\/\/espacolivresergipe.com.br\/index.php\/wp-json\/wp\/v2\/comments?post=147"}],"version-history":[{"count":1,"href":"https:\/\/espacolivresergipe.com.br\/index.php\/wp-json\/wp\/v2\/posts\/147\/revisions"}],"predecessor-version":[{"id":149,"href":"https:\/\/espacolivresergipe.com.br\/index.php\/wp-json\/wp\/v2\/posts\/147\/revisions\/149"}],"wp:featuredmedia":[{"embeddable":true,"href":"https:\/\/espacolivresergipe.com.br\/index.php\/wp-json\/wp\/v2\/media\/148"}],"wp:attachment":[{"href":"https:\/\/espacolivresergipe.com.br\/index.php\/wp-json\/wp\/v2\/media?parent=147"}],"wp:term":[{"taxonomy":"category","embeddable":true,"href":"https:\/\/espacolivresergipe.com.br\/index.php\/wp-json\/wp\/v2\/categories?post=147"},{"taxonomy":"post_tag","embeddable":true,"href":"https:\/\/espacolivresergipe.com.br\/index.php\/wp-json\/wp\/v2\/tags?post=147"}],"curies":[{"name":"wp","href":"https:\/\/api.w.org\/{rel}","templated":true}]}}