{"id":1838,"date":"2025-03-27T11:51:22","date_gmt":"2025-03-27T14:51:22","guid":{"rendered":"https:\/\/espacolivresergipe.com.br\/?p=1838"},"modified":"2025-03-27T11:51:23","modified_gmt":"2025-03-27T14:51:23","slug":"senador-laercio-oliveira-representa-presidente-do-senado-e-defende-o-emprego-em-evento-da-cnc","status":"publish","type":"post","link":"https:\/\/espacolivresergipe.com.br\/index.php\/2025\/03\/27\/senador-laercio-oliveira-representa-presidente-do-senado-e-defende-o-emprego-em-evento-da-cnc\/","title":{"rendered":"Senador La\u00e9rcio Oliveira representa presidente do Senado e defende o emprego em evento da CNC"},"content":{"rendered":"\n<p>Em discurso durante o lan\u00e7amento da Agenda Institucional do Sistema Com\u00e9rcio, nesta ter\u00e7a-feira (26), o senador La\u00e9rcio Oliveira (PP-SE) enfatizou a import\u00e2ncia do setor de servi\u00e7os para a economia brasileira e criticou a falta de aten\u00e7\u00e3o que a categoria recebe no debate econ\u00f4mico nacional. O evento, promovido pela Confedera\u00e7\u00e3o Nacional do Com\u00e9rcio de Bens, Servi\u00e7os e Turismo (CNC), reuniu autoridades como o presidente em exerc\u00edcio Geraldo Alckmin, parlamentares e lideran\u00e7as empresariais para discutir propostas para o desenvolvimento do setor. O senador La\u00e9rcio esteve no evento representando o presidente do Senado Davi Alcolumbre.<\/p>\n\n\n\n<p>Oliveira, que j\u00e1 ocupou a vice-presid\u00eancia da CNC, e presidiu a Federa\u00e7\u00e3o do Com\u00e9rcio de Sergipe, destacou a relev\u00e2ncia do com\u00e9rcio e dos servi\u00e7os no PIB brasileiro, ressaltando que o setor passou de 43,5% da economia em 1984 para quase 60% em 2024, movimentando cerca de R$ 7 trilh\u00f5es no \u00faltimo ano. Al\u00e9m disso, apontou que mais de 70% dos empregos formais do pa\u00eds s\u00e3o gerados pelo setor terci\u00e1rio.<\/p>\n\n\n\n<p>&#8220;Sem as atividades terci\u00e1rias, nossa economia n\u00e3o seria nem uma sombra do que \u00e9 hoje. O crescimento de 3,4% do PIB no ano passado n\u00e3o existiria, e n\u00e3o estar\u00edamos entre as dez maiores economias do mundo&#8221;, afirmou.<\/p>\n\n\n\n<p>Oliveira reafirmou o compromisso de defender o setor terci\u00e1rio no Congresso Nacional. &#8220;Este setor \u00e9 a locomotiva que impulsiona o Brasil adiante. No que depender de nossos esfor\u00e7os, ele jamais ser\u00e1 tratado como coadjuvante, mas sempre como protagonista no palco da economia brasileira&#8221;, concluiu.<\/p>\n\n\n\n<p>AGENDA LEGISLATIVA<\/p>\n\n\n\n<p>A CNC entregou a Agenda Institucional ao governo federal e ao Congresso Nacional. O documento, elaborado com a contribui\u00e7\u00e3o de mais de 2 mil representantes do setor terci\u00e1rio em todo o Brasil, apresenta propostas para fortalecer o ambiente de neg\u00f3cios, estimular a inova\u00e7\u00e3o e impulsionar o crescimento econ\u00f4mico sustent\u00e1vel.<\/p>\n\n\n\n<p>&nbsp;A programa\u00e7\u00e3o incluiu debates sobre a transforma\u00e7\u00e3o digital no setor terci\u00e1rio e a import\u00e2ncia de pol\u00edticas p\u00fablicas para o turismo.<\/p>\n\n\n\n<p>Texto e foto assessoria<\/p>\n","protected":false},"excerpt":{"rendered":"<p>Em discurso durante o lan\u00e7amento da Agenda Institucional do Sistema Com\u00e9rcio, nesta ter\u00e7a-feira (26), o senador La\u00e9rcio Oliveira (PP-SE) enfatizou a import\u00e2ncia do setor de servi\u00e7os para a economia brasileira e criticou a falta de aten\u00e7\u00e3o que a categoria recebe no debate econ\u00f4mico nacional. O evento, promovido pela Confedera\u00e7\u00e3o Nacional do Com\u00e9rcio de Bens, Servi\u00e7os [&hellip;]<\/p>\n","protected":false},"author":2,"featured_media":1839,"comment_status":"open","ping_status":"open","sticky":false,"template":"","format":"standard","meta":{"footnotes":""},"categories":[11,4,6],"tags":[],"class_list":["post-1838","post","type-post","status-publish","format-standard","has-post-thumbnail","hentry","category-destaque","category-economia","category-letreiro"],"_links":{"self":[{"href":"https:\/\/espacolivresergipe.com.br\/index.php\/wp-json\/wp\/v2\/posts\/1838","targetHints":{"allow":["GET"]}}],"collection":[{"href":"https:\/\/espacolivresergipe.com.br\/index.php\/wp-json\/wp\/v2\/posts"}],"about":[{"href":"https:\/\/espacolivresergipe.com.br\/index.php\/wp-json\/wp\/v2\/types\/post"}],"author":[{"embeddable":true,"href":"https:\/\/espacolivresergipe.com.br\/index.php\/wp-json\/wp\/v2\/users\/2"}],"replies":[{"embeddable":true,"href":"https:\/\/espacolivresergipe.com.br\/index.php\/wp-json\/wp\/v2\/comments?post=1838"}],"version-history":[{"count":1,"href":"https:\/\/espacolivresergipe.com.br\/index.php\/wp-json\/wp\/v2\/posts\/1838\/revisions"}],"predecessor-version":[{"id":1840,"href":"https:\/\/espacolivresergipe.com.br\/index.php\/wp-json\/wp\/v2\/posts\/1838\/revisions\/1840"}],"wp:featuredmedia":[{"embeddable":true,"href":"https:\/\/espacolivresergipe.com.br\/index.php\/wp-json\/wp\/v2\/media\/1839"}],"wp:attachment":[{"href":"https:\/\/espacolivresergipe.com.br\/index.php\/wp-json\/wp\/v2\/media?parent=1838"}],"wp:term":[{"taxonomy":"category","embeddable":true,"href":"https:\/\/espacolivresergipe.com.br\/index.php\/wp-json\/wp\/v2\/categories?post=1838"},{"taxonomy":"post_tag","embeddable":true,"href":"https:\/\/espacolivresergipe.com.br\/index.php\/wp-json\/wp\/v2\/tags?post=1838"}],"curies":[{"name":"wp","href":"https:\/\/api.w.org\/{rel}","templated":true}]}}