{"id":1875,"date":"2025-03-27T14:17:27","date_gmt":"2025-03-27T17:17:27","guid":{"rendered":"https:\/\/espacolivresergipe.com.br\/?p=1875"},"modified":"2025-03-27T14:17:28","modified_gmt":"2025-03-27T17:17:28","slug":"pge-se-apresenta-planejamento-estrategico-para-aprimoramento-dos-servicos-ate-2036","status":"publish","type":"post","link":"https:\/\/espacolivresergipe.com.br\/index.php\/2025\/03\/27\/pge-se-apresenta-planejamento-estrategico-para-aprimoramento-dos-servicos-ate-2036\/","title":{"rendered":"PGE-SE apresenta planejamento estrat\u00e9gico para aprimoramento dos servi\u00e7os at\u00e9 2036"},"content":{"rendered":"\n<p>Dentre os principais pontos est\u00e3o a reformula\u00e7\u00e3o da miss\u00e3o, vis\u00e3o e valores da PGE<\/p>\n\n\n\n<p>A Procuradoria-Geral do Estado de Sergipe (PGE-SE) apresentou, nesta quinta-feira, 27, o seu Planejamento Estrat\u00e9gico para o per\u00edodo de 2025 a 2036. O documento estabelece diretrizes e a\u00e7\u00f5es focadas na moderniza\u00e7\u00e3o e no aprimoramento dos servi\u00e7os da institui\u00e7\u00e3o ao longo dos pr\u00f3ximos 12 anos.<\/p>\n\n\n\n<p>O planejamento foi elaborado com a participa\u00e7\u00e3o ativa de procuradores, assessores jur\u00eddicos, estagi\u00e1rios e servidores, os quais ajudaram a identificar pontos fortes e oportunidades de melhoria, al\u00e9m de sugerir solu\u00e7\u00f5es para tornar a atua\u00e7\u00e3o da PGE mais eficiente. O processo de constru\u00e7\u00e3o do documento que elenca essas metas, assim como cada plano de a\u00e7\u00e3o, teve in\u00edcio em setembro de 2024.<\/p>\n\n\n\n<p><strong>Principais iniciativas<\/strong><br>Dentre os principais pontos do Planejamento Estrat\u00e9gico est\u00e3o a reformula\u00e7\u00e3o da miss\u00e3o, vis\u00e3o e valores da PGE, bem como a defini\u00e7\u00e3o de 42 projetos estrat\u00e9gicos. As iniciativas incluem melhorias em quesitos como gest\u00e3o de processos, organiza\u00e7\u00e3o e controle dos dados utilizados na execu\u00e7\u00e3o fiscal, integra\u00e7\u00e3o de sistemas, implementa\u00e7\u00e3o de intelig\u00eancia artificial para otimizar procedimentos internos e o aprimoramento da comunica\u00e7\u00e3o institucional.<\/p>\n\n\n\n<p>Al\u00e9m disso, durante o evento, foi anunciado um comit\u00ea especial que ficar\u00e1 respons\u00e1vel por monitorar a execu\u00e7\u00e3o dos projetos e sugerir ajustes quando necess\u00e1rio, garantindo a efetividade das a\u00e7\u00f5es ao longo do tempo.&nbsp;<\/p>\n\n\n\n<p>Embora o planejamento tenha como foco a moderniza\u00e7\u00e3o interna da PGE, a implementa\u00e7\u00e3o dessas a\u00e7\u00f5es trar\u00e1 benef\u00edcios diretos \u00e0 popula\u00e7\u00e3o \u00e0 medida que os projetos forem executados. Com o aprimoramento da atua\u00e7\u00e3o da Procuradoria, ser\u00e1 poss\u00edvel refor\u00e7ar a defesa do Estado em processos judiciais e contribuir para uma gest\u00e3o p\u00fablica mais \u00e1gil e alinhada aos princ\u00edpios de governan\u00e7a e conformidade jur\u00eddica.<\/p>\n\n\n\n<p>Como parte deste compromisso, a PGE j\u00e1 tem realizado investimentos significativos na renova\u00e7\u00e3o de seu parque tecnol\u00f3gico, com mais de R$ 240 mil aplicados na compra de novos equipamentos de inform\u00e1tica, em pouco mais de um ano. Essa moderniza\u00e7\u00e3o faz parte das iniciativas contempladas no planejamento estrat\u00e9gico.<\/p>\n\n\n\n<p><strong>Participa\u00e7\u00e3o e apoio institucional<\/strong><br>A apresenta\u00e7\u00e3o contou com a presen\u00e7a da mesa diretora da PGE, composta pelo procurador-geral Carlos Pinna J\u00fanior, pelo subprocurador-geral Vladimir Macedo e pela corregedora-geral Gilvanete Losilla. Tamb\u00e9m participaram a especialista em Pol\u00edticas P\u00fablicas e Gest\u00e3o Governamental da Secretaria de Planejamento, Or\u00e7amento e Inova\u00e7\u00e3o (Seplan), Isadora Bastos, e a professora e especialista em elabora\u00e7\u00e3o de projetos estrat\u00e9gicos, Deborah Aroxa, ligada \u00e0 Secretaria de Estado da Administra\u00e7\u00e3o (Sead).<\/p>\n\n\n\n<p>Foto: Ascom PGE<\/p>\n","protected":false},"excerpt":{"rendered":"<p>Dentre os principais pontos est\u00e3o a reformula\u00e7\u00e3o da miss\u00e3o, vis\u00e3o e valores da PGE A Procuradoria-Geral do Estado de Sergipe (PGE-SE) apresentou, nesta quinta-feira, 27, o seu Planejamento Estrat\u00e9gico para o per\u00edodo de 2025 a 2036. O documento estabelece diretrizes e a\u00e7\u00f5es focadas na moderniza\u00e7\u00e3o e no aprimoramento dos servi\u00e7os da institui\u00e7\u00e3o ao longo dos [&hellip;]<\/p>\n","protected":false},"author":2,"featured_media":1876,"comment_status":"open","ping_status":"open","sticky":false,"template":"","format":"standard","meta":{"footnotes":""},"categories":[12,6,2],"tags":[],"class_list":["post-1875","post","type-post","status-publish","format-standard","has-post-thumbnail","hentry","category-agora","category-letreiro","category-politica"],"_links":{"self":[{"href":"https:\/\/espacolivresergipe.com.br\/index.php\/wp-json\/wp\/v2\/posts\/1875","targetHints":{"allow":["GET"]}}],"collection":[{"href":"https:\/\/espacolivresergipe.com.br\/index.php\/wp-json\/wp\/v2\/posts"}],"about":[{"href":"https:\/\/espacolivresergipe.com.br\/index.php\/wp-json\/wp\/v2\/types\/post"}],"author":[{"embeddable":true,"href":"https:\/\/espacolivresergipe.com.br\/index.php\/wp-json\/wp\/v2\/users\/2"}],"replies":[{"embeddable":true,"href":"https:\/\/espacolivresergipe.com.br\/index.php\/wp-json\/wp\/v2\/comments?post=1875"}],"version-history":[{"count":1,"href":"https:\/\/espacolivresergipe.com.br\/index.php\/wp-json\/wp\/v2\/posts\/1875\/revisions"}],"predecessor-version":[{"id":1877,"href":"https:\/\/espacolivresergipe.com.br\/index.php\/wp-json\/wp\/v2\/posts\/1875\/revisions\/1877"}],"wp:featuredmedia":[{"embeddable":true,"href":"https:\/\/espacolivresergipe.com.br\/index.php\/wp-json\/wp\/v2\/media\/1876"}],"wp:attachment":[{"href":"https:\/\/espacolivresergipe.com.br\/index.php\/wp-json\/wp\/v2\/media?parent=1875"}],"wp:term":[{"taxonomy":"category","embeddable":true,"href":"https:\/\/espacolivresergipe.com.br\/index.php\/wp-json\/wp\/v2\/categories?post=1875"},{"taxonomy":"post_tag","embeddable":true,"href":"https:\/\/espacolivresergipe.com.br\/index.php\/wp-json\/wp\/v2\/tags?post=1875"}],"curies":[{"name":"wp","href":"https:\/\/api.w.org\/{rel}","templated":true}]}}