{"id":1888,"date":"2025-03-27T15:22:30","date_gmt":"2025-03-27T18:22:30","guid":{"rendered":"https:\/\/espacolivresergipe.com.br\/?p=1888"},"modified":"2025-03-27T15:22:31","modified_gmt":"2025-03-27T18:22:31","slug":"projetos-de-escolas-publicas-de-sergipe-sao-apresentados-entre-os-melhores-do-pais-na-febrace-2025","status":"publish","type":"post","link":"https:\/\/espacolivresergipe.com.br\/index.php\/2025\/03\/27\/projetos-de-escolas-publicas-de-sergipe-sao-apresentados-entre-os-melhores-do-pais-na-febrace-2025\/","title":{"rendered":"Projetos de escolas p\u00fablicas de Sergipe s\u00e3o apresentados entre os melhores do pa\u00eds na Febrace 2025"},"content":{"rendered":"\n<p>Quatro projetos de escolas p\u00fablicas e mais dois de escolas particulares representam Sergipe<\/p>\n\n\n\n<p>Projetos de pesquisa e inicia\u00e7\u00e3o cient\u00edfica desenvolvidos em escolas da rede p\u00fablica estadual de Sergipe participam nesta quinta-feira, 27, da 23\u00aa edi\u00e7\u00e3o da Feira Brasileira de Ci\u00eancias e Tecnologia (Febrace), que ocorre no InovaUSP, da Universidade de S\u00e3o Paulo (USP). Considerada a maior feira do g\u00eanero do pa\u00eds, a Febrace exp\u00f5e mais de 300 projetos nas categorias Ci\u00eancias Agr\u00e1rias, Ci\u00eancias Biol\u00f3gicas, Ci\u00eancias da Sa\u00fade, Ci\u00eancias Exatas e da Terra, Ci\u00eancias Humanas, Ci\u00eancias Sociais Aplicadas e Engenharia.<\/p>\n\n\n\n<p>O Centro de Excel\u00eancia Dom Juv\u00eancio de Britto, situado em Canind\u00e9 de S\u00e3o Francisco, e o Centro Estadual de Educa\u00e7\u00e3o Profissional Dom Jos\u00e9 B. de Castro, de Po\u00e7o Redondo, exp\u00f5em dois projetos: \u2018Estudo da a\u00e7\u00e3o da curcumina derivada do a\u00e7afr\u00e3o-da-terra (Curcuma longa) para preven\u00e7\u00e3o do c\u00e2ncer de pele em \u00e1reas de alta incid\u00eancia solar\u2019, e o \u2018Palmlac: Integra\u00e7\u00e3o da economia circular e seguran\u00e7a alimentar atrav\u00e9s do reaproveitamento sustent\u00e1vel do soro de leite para combater a subnutri\u00e7\u00e3o\u2019. O Centro de Excel\u00eancia Atheneu Sergipense, de Aracaju, participa com o \u2018Ecoembalagens de fibra de coco: Transformando a mat\u00e9ria-prima da praia de Atalaia\/SE em ecoembalagens sustent\u00e1veis\u201d, e o \u2018Desenvolvimento de esponjas biodegrad\u00e1veis\u2019.&nbsp;<\/p>\n\n\n\n<p>Paralelamente \u00e0 feira, h\u00e1 palestras, exposi\u00e7\u00f5es e visitas t\u00e9cnicas a institui\u00e7\u00f5es de pesquisa e empresas parceiras. A Febrace finaliza nesta sexta-feira, 28, com a premia\u00e7\u00e3o dos projetos destaque em cada categoria e a escolha do professor destaque da edi\u00e7\u00e3o 2025, tendo o professor Alisson Souza da Cruz, ex-aluno e professor do Col\u00e9gio Professor Anfil\u00f3fio Fernandes, de Umba\u00faba, e coorientador do projeto \u201cUtiliza\u00e7\u00e3o da manipueira com inseticida natural na din\u00e2mica das formigas cortadeiras e na produ\u00e7\u00e3o de fungo\u201d, do Col\u00e9gio S\u00e3o Salvador, est\u00e1 entre os dez finalistas.<\/p>\n\n\n\n<p>Todos os projetos buscam respostas para problem\u00e1ticas sociais com base nos Objetivos de Desenvolvimento Sustent\u00e1vel (ODS) e trazem inova\u00e7\u00e3o, criatividade, impacto social e rigor cient\u00edfico.<\/p>\n\n\n\n<p>Projetos sustent\u00e1veis<\/p>\n\n\n\n<p>O \u2018Ecoembalagens de fibra de coco: transformando a mat\u00e9ria-prima da praia de Atalaia\/SE em ecoembalagens sustent\u00e1veis\u2019, desenvolvido pelos estudantes do Atheneu Sergipense Bruna Silva de Menezes, Gabriel Lima Rodrigues e Mary Gabrielle Costa Pereira, sob a orienta\u00e7\u00e3o das professoras Darcylaine Vieira Martins e Cristiane Campos Lemos Moreira (Qu\u00edmica), pretende diminuir o descarte da fibra do coco, reutilizando o que seria lixo nos quiosques da praia de Atalaia na cria\u00e7\u00e3o de ecoembalagens.<\/p>\n\n\n\n<p>\u201cEstar na maior feira de ci\u00eancias para a gente \u00e9 surreal, pois mantemos contato com produ\u00e7\u00f5es novas e abrimos portas. A gente v\u00ea coisas aqui que s\u00f3 conhec\u00edamos pela TV. Est\u00e1 sendo um aprendizado\u201d, destaca Gabrielle Costa, aluna integrante do projeto j\u00e1 premiado na Feira de Ci\u00eancia Jovem, em Pernambuco, e na Febic, em Santa Catarina.<\/p>\n\n\n\n<p>Tamb\u00e9m do Atheneu Sergipe, despertou interesse no p\u00fablico o projeto que transforma a fibra de coco em esponja, uma alternativa sustent\u00e1vel \u00e0s esponjas de pl\u00e1stico, desenvolvido pelos alunos Caio Matheus Lobo Dias, Gabriel de Oliveira Santos e Jessy da Silva Santos, orientados pela professora Cristiane Campos Lemos Moreira (Qu\u00edmica) e pelo professor Everton Ricardo (F\u00edsica).<\/p>\n\n\n\n<p>A estudante Jessy da Silva explicou que Sergipe \u00e9 o quarto produtor de coco do pa\u00eds e essa produ\u00e7\u00e3o acaba sobrecarregando e poluindo o sistema de descarte, de venda e de coleta. \u201cCom esse projeto, a coleta seria para reutiliza\u00e7\u00e3o da casca e da fibra reduzindo o impacto ambiental e criando um novo produto\u201d, explica.<\/p>\n\n\n\n<p>O projeto levantou a curiosidade do professor paraibano Ranniery F\u00e9lix. Ele destacou que j\u00e1 tinha visto diversas pesquisas com a fibra do coco, mas n\u00e3o t\u00e3o aut\u00eanticas e sustent\u00e1veis. \u201cGostei muito do material de trabalho. Eles utilizaram ch\u00e1 de cravo para evitar fungos e mofo das esponjas, de forma totalmente sustent\u00e1vel e natural\u201d, afirma.<\/p>\n\n\n\n<p>A professora Darcylaine Martins, orientadora dos projetos do Centro de Excel\u00eancia Atheneu Sergipense, destacou que n\u00e3o h\u00e1 competi\u00e7\u00e3o, pois, segundo ela, expor na maior feira do pa\u00eds \u00e9 estar entre os melhores projetos. \u201cParticipo pela terceira vez e \u00e9 uma oportunidade incr\u00edvel para mostrar o talento e a criatividade dos nossos alunos da escola p\u00fablica\u201d, frisa.<\/p>\n\n\n\n<p>Preven\u00e7\u00e3o em sa\u00fade e seguran\u00e7a alimentar<\/p>\n\n\n\n<p>Os alunos Ana Clara Alves, Di\u00f3genes Felipe Rodrigues e Isabely Tavares, do Centro de Excel\u00eancia Dom Juv\u00eancio de Britto, situado em Canind\u00e9 de S\u00e3o Francisco, e do Centro Estadual de Educa\u00e7\u00e3o Profissional Dom Jos\u00e9 B. de Castro, de Po\u00e7o Redondo, sob a orienta\u00e7\u00e3o das professoras Lark Soany e Marisa Gomes Nobre, mostram que o sabonete terap\u00eautico da curcumina, derivada do a\u00e7afr\u00e3o-da-terra (Curcuma longa), pode ser utilizado na regenera\u00e7\u00e3o de c\u00e9lulas e danos cut\u00e2neos provocados pelos radicais UV, prevenindo o c\u00e2ncer de pele em \u00e1reas de alta incid\u00eancia solar.<\/p>\n\n\n\n<p>Tamb\u00e9m do Alto Sert\u00e3o sergipano, o Centro de Excel\u00eancia Dom Juv\u00eancio de Britto levou o inovador projeto \u2018Palmlac\u201d, orientado pelas professoras Lark Soany e Marisa Gomes Nobre, de autoria das alunas Laura Fernanda e Maria Luiza dos Santos. A pesquisa reutiliza o soro do leite no aproveitamento para a fabrica\u00e7\u00e3o de bebidas l\u00e1cteas com composi\u00e7\u00e3o de nutrientes, como a palma. O projeto pretende gerar a integra\u00e7\u00e3o da economia circular e seguran\u00e7a alimentar por meio do reaproveitamento sustent\u00e1vel do soro de leite para combater a subnutri\u00e7\u00e3o. A pesquisa tamb\u00e9m apresenta um projeto de pol\u00edtica p\u00fablica de como podem ser utilizadas as bebidas l\u00e1cteas, por exemplo, na alimenta\u00e7\u00e3o escolar.<\/p>\n\n\n\n<p>Veterana em participa\u00e7\u00f5es de feiras de ci\u00eancias, a professora e orientadora Lark Soany destacou que Sergipe mostra sua for\u00e7a, mostra que a escola p\u00fablica faz ci\u00eancia de qualidade, e est\u00e1 no patamar de todas as escolas do pa\u00eds. \u201cS\u00e3o projetos inovadores, criativos que buscam sempre resolver problem\u00e1ticas atuais. Os alunos mostram que d\u00e1 para fazer ci\u00eancia de qualidade, representa muito bem nossa escola p\u00fablica, mostra que a gente tem feito a diferen\u00e7a na vida dos estudantes, e participar da Febrace \u00e9 estar no topo da ci\u00eancia do pa\u00eds durante uma semana\u201d, avalia.<\/p>\n\n\n\n<p>Demais projetos sergipanos<\/p>\n\n\n\n<p>Al\u00e9m das escolas p\u00fablicas estaduais, duas institui\u00e7\u00f5es da rede privada de Sergipe tamb\u00e9m participam da competi\u00e7\u00e3o. O Col\u00e9gio S\u00e3o Salvador, de Umba\u00faba, apresenta o projeto \u2018Utiliza\u00e7\u00e3o da manipueira como inseticida natural na din\u00e2mica das formigas cortadeiras (Atta sexdens) e na produ\u00e7\u00e3o do fungo Leucoagaricus gongylophorus\u2019, desenvolvido por Cau\u00e3 Nascimento Oliveira e Ana Lu\u00edsa Anjos Ara\u00fajo, sob orienta\u00e7\u00e3o dos professores Makel Bruno Oliveira Santos e Alisson de Souza Cruz. J\u00e1 o Centro de Excel\u00eancia Master, de Aracaju, apresenta o projeto \u2018Muito Mais Que M\u00fasica\u2019, desenvolvido por Marina Mascarenhas Freitas de Arag\u00e3o e Joaquim Pedro Santos Gomes de Barros, sob a orienta\u00e7\u00e3o de Jacilone Alves de Souza.<\/p>\n\n\n\n<p>Febrace<\/p>\n\n\n\n<p>A Feira Brasileira de Ci\u00eancias e Engenharia (FEBRACE) acontece anualmente desde 2003, na Universidade de S\u00e3o Paulo, e re\u00fane alunos de diversos estados do Brasil proporcionando um espa\u00e7o para descobrir novos talentos, valorizar e desenvolver projetos criativos elaborados por eles.<\/p>\n\n\n\n<p>Os principais objetivos da Febrace incluem estimular o interesse em Ci\u00eancias e Engenharia entre os jovens, engajar professores em pr\u00e1ticas pedag\u00f3gicas inovadoras e aproximar escolas p\u00fablicas e privadas das universidades, proporcionando aos estudantes contato com diferentes culturas e cientistas renomados. A feira seleciona finalistas para competi\u00e7\u00f5es internacionais e oferece oportunidades em temas relacionados a STEAM (Ci\u00eancias, Tecnologia, Engenharia, Artes e Matem\u00e1tica).<\/p>\n\n\n\n<p>Foto: Ascom Seed<\/p>\n","protected":false},"excerpt":{"rendered":"<p>Quatro projetos de escolas p\u00fablicas e mais dois de escolas particulares representam Sergipe Projetos de pesquisa e inicia\u00e7\u00e3o cient\u00edfica desenvolvidos em escolas da rede p\u00fablica estadual de Sergipe participam nesta quinta-feira, 27, da 23\u00aa edi\u00e7\u00e3o da Feira Brasileira de Ci\u00eancias e Tecnologia (Febrace), que ocorre no InovaUSP, da Universidade de S\u00e3o Paulo (USP). Considerada a [&hellip;]<\/p>\n","protected":false},"author":2,"featured_media":1889,"comment_status":"open","ping_status":"open","sticky":false,"template":"","format":"standard","meta":{"footnotes":""},"categories":[11,6,8],"tags":[],"class_list":["post-1888","post","type-post","status-publish","format-standard","has-post-thumbnail","hentry","category-destaque","category-letreiro","category-saude"],"_links":{"self":[{"href":"https:\/\/espacolivresergipe.com.br\/index.php\/wp-json\/wp\/v2\/posts\/1888","targetHints":{"allow":["GET"]}}],"collection":[{"href":"https:\/\/espacolivresergipe.com.br\/index.php\/wp-json\/wp\/v2\/posts"}],"about":[{"href":"https:\/\/espacolivresergipe.com.br\/index.php\/wp-json\/wp\/v2\/types\/post"}],"author":[{"embeddable":true,"href":"https:\/\/espacolivresergipe.com.br\/index.php\/wp-json\/wp\/v2\/users\/2"}],"replies":[{"embeddable":true,"href":"https:\/\/espacolivresergipe.com.br\/index.php\/wp-json\/wp\/v2\/comments?post=1888"}],"version-history":[{"count":1,"href":"https:\/\/espacolivresergipe.com.br\/index.php\/wp-json\/wp\/v2\/posts\/1888\/revisions"}],"predecessor-version":[{"id":1890,"href":"https:\/\/espacolivresergipe.com.br\/index.php\/wp-json\/wp\/v2\/posts\/1888\/revisions\/1890"}],"wp:featuredmedia":[{"embeddable":true,"href":"https:\/\/espacolivresergipe.com.br\/index.php\/wp-json\/wp\/v2\/media\/1889"}],"wp:attachment":[{"href":"https:\/\/espacolivresergipe.com.br\/index.php\/wp-json\/wp\/v2\/media?parent=1888"}],"wp:term":[{"taxonomy":"category","embeddable":true,"href":"https:\/\/espacolivresergipe.com.br\/index.php\/wp-json\/wp\/v2\/categories?post=1888"},{"taxonomy":"post_tag","embeddable":true,"href":"https:\/\/espacolivresergipe.com.br\/index.php\/wp-json\/wp\/v2\/tags?post=1888"}],"curies":[{"name":"wp","href":"https:\/\/api.w.org\/{rel}","templated":true}]}}