{"id":2067,"date":"2025-03-28T16:14:46","date_gmt":"2025-03-28T19:14:46","guid":{"rendered":"https:\/\/espacolivresergipe.com.br\/?p=2067"},"modified":"2025-03-28T16:14:47","modified_gmt":"2025-03-28T19:14:47","slug":"caravana-na-estrada-com-elas-impacta-mais-de-mil-mulheres-empreendedoras","status":"publish","type":"post","link":"https:\/\/espacolivresergipe.com.br\/index.php\/2025\/03\/28\/caravana-na-estrada-com-elas-impacta-mais-de-mil-mulheres-empreendedoras\/","title":{"rendered":"Caravana &#8220;Na Estrada com Elas&#8221; impacta mais de mil mulheres empreendedoras"},"content":{"rendered":"\n<p>Nesta semana, a caravana &#8220;Na Estrada com Elas&#8221; tem percorrido os munic\u00edpios sergipanos, promovendo uma s\u00e9rie de capacita\u00e7\u00f5es e impactando diretamente mais de mil mulheres empreendedoras. Ap\u00f3s passar por Sim\u00e3o Dias, Campo do Brito, Aquidab\u00e3 e Ne\u00f3polis, a caravana chega ao seu encerramento nesta sexta-feira, 28, no munic\u00edpio de Umba\u00faba, com a reinaugura\u00e7\u00e3o da Sala do Empreendedor.<\/p>\n\n\n\n<p>A superintendente do Sebrae\/SE, Priscila Felizola, ressaltou a import\u00e2ncia do projeto, que integra o Sebrae Delas e a programa\u00e7\u00e3o do &#8220;Super M\u00eas da Mulher&#8221;. &#8220;Durante essa semana, percorremos cinco munic\u00edpios sergipanos com a caravana &#8216;Na Estrada com Elas&#8217;, proporcionando capacita\u00e7\u00e3o a mais de mil mulheres. A troca de experi\u00eancias entre as participantes \u00e9 fundamental para que elas se sintam cada vez mais preparadas para enfrentar os desafios de seus pequenos neg\u00f3cios&#8221;, afirmou.<\/p>\n\n\n\n<p>Um dos destaques da caravana foi a palestra &#8220;Atitudes Mudam Hist\u00f3rias&#8221;, ministrada por Uliana Ferreira, empres\u00e1ria e CEO do Grupo Dona. Ela compartilhou sua trajet\u00f3ria inspiradora, abordando os desafios que enfrentou e as estrat\u00e9gias que adotou para alcan\u00e7ar o sucesso. &#8220;\u00c9 fundamental termos uma vis\u00e3o diferenciada sobre o empreendedorismo feminino, pois, no mercado e na vida, somos frequentemente tratadas de maneira distinta. Al\u00e9m de empreendedoras, desempenhamos m\u00faltiplos pap\u00e9is e lidamos com diversas camadas que tornam a jornada ainda mais desafiadora&#8221;, destacou Uliana.<\/p>\n\n\n\n<p>Ela tamb\u00e9m reconheceu o papel essencial do Sebrae no apoio \u00e0s mulheres empreendedoras, ajudando-as a superar barreiras e fortalecer seus neg\u00f3cios. &#8220;O Sebrae desempenha um papel crucial ao desenvolver a mentalidade empreendedora e apoiar as mulheres. No Brasil, metade dos neg\u00f3cios s\u00e3o liderados por mulheres, e a outra metade por seus filhos. Precisamos, portanto, olhar para o empreendedorismo feminino com empatia, trabalhando para reduzir as desigualdades que ainda existem&#8221;, completou.<\/p>\n\n\n\n<p>O impacto do evento foi vis\u00edvel entre as participantes. Elizabete Lima, empreendedora presente na caravana de Sim\u00e3o Dias, compartilhou sua experi\u00eancia com entusiasmo: &#8220;Cheguei a este evento e fui acolhida de maneira incr\u00edvel. Saio daqui completamente inspirada, com uma nova vis\u00e3o para o meu neg\u00f3cio. O Sebrae proporciona eventos maravilhosos que realmente fazem a diferen\u00e7a na nossa jornada empreendedora&#8221;, afirmou.<\/p>\n\n\n\n<p>A caravana &#8220;Na Estrada com Elas&#8221; tem sido uma oportunidade \u00fanica para mulheres de diferentes regi\u00f5es do estado se conectarem, aprenderem e se fortalecerem, dando mais um passo em dire\u00e7\u00e3o ao sucesso no mundo dos neg\u00f3cios.<\/p>\n\n\n\n<p>Texto Jaynne Pereira &#8211; Foto: Leandro Santana<\/p>\n","protected":false},"excerpt":{"rendered":"<p>Nesta semana, a caravana &#8220;Na Estrada com Elas&#8221; tem percorrido os munic\u00edpios sergipanos, promovendo uma s\u00e9rie de capacita\u00e7\u00f5es e impactando diretamente mais de mil mulheres empreendedoras. Ap\u00f3s passar por Sim\u00e3o Dias, Campo do Brito, Aquidab\u00e3 e Ne\u00f3polis, a caravana chega ao seu encerramento nesta sexta-feira, 28, no munic\u00edpio de Umba\u00faba, com a reinaugura\u00e7\u00e3o da Sala [&hellip;]<\/p>\n","protected":false},"author":2,"featured_media":2068,"comment_status":"open","ping_status":"open","sticky":false,"template":"","format":"standard","meta":{"footnotes":""},"categories":[11,4,6],"tags":[],"class_list":["post-2067","post","type-post","status-publish","format-standard","has-post-thumbnail","hentry","category-destaque","category-economia","category-letreiro"],"_links":{"self":[{"href":"https:\/\/espacolivresergipe.com.br\/index.php\/wp-json\/wp\/v2\/posts\/2067","targetHints":{"allow":["GET"]}}],"collection":[{"href":"https:\/\/espacolivresergipe.com.br\/index.php\/wp-json\/wp\/v2\/posts"}],"about":[{"href":"https:\/\/espacolivresergipe.com.br\/index.php\/wp-json\/wp\/v2\/types\/post"}],"author":[{"embeddable":true,"href":"https:\/\/espacolivresergipe.com.br\/index.php\/wp-json\/wp\/v2\/users\/2"}],"replies":[{"embeddable":true,"href":"https:\/\/espacolivresergipe.com.br\/index.php\/wp-json\/wp\/v2\/comments?post=2067"}],"version-history":[{"count":1,"href":"https:\/\/espacolivresergipe.com.br\/index.php\/wp-json\/wp\/v2\/posts\/2067\/revisions"}],"predecessor-version":[{"id":2069,"href":"https:\/\/espacolivresergipe.com.br\/index.php\/wp-json\/wp\/v2\/posts\/2067\/revisions\/2069"}],"wp:featuredmedia":[{"embeddable":true,"href":"https:\/\/espacolivresergipe.com.br\/index.php\/wp-json\/wp\/v2\/media\/2068"}],"wp:attachment":[{"href":"https:\/\/espacolivresergipe.com.br\/index.php\/wp-json\/wp\/v2\/media?parent=2067"}],"wp:term":[{"taxonomy":"category","embeddable":true,"href":"https:\/\/espacolivresergipe.com.br\/index.php\/wp-json\/wp\/v2\/categories?post=2067"},{"taxonomy":"post_tag","embeddable":true,"href":"https:\/\/espacolivresergipe.com.br\/index.php\/wp-json\/wp\/v2\/tags?post=2067"}],"curies":[{"name":"wp","href":"https:\/\/api.w.org\/{rel}","templated":true}]}}