{"id":2515,"date":"2025-04-02T07:37:19","date_gmt":"2025-04-02T10:37:19","guid":{"rendered":"https:\/\/espacolivresergipe.com.br\/?p=2515"},"modified":"2025-04-02T07:38:07","modified_gmt":"2025-04-02T10:38:07","slug":"o-nosso-tribunal-de-contas-paga-mais-do-que-o-supremo-federal","status":"publish","type":"post","link":"https:\/\/espacolivresergipe.com.br\/index.php\/2025\/04\/02\/o-nosso-tribunal-de-contas-paga-mais-do-que-o-supremo-federal\/","title":{"rendered":"O nosso Tribunal de Contas paga mais do que o Supremo Federal"},"content":{"rendered":"\n<p><em>Por Adiberto de Souza<\/em>&nbsp;*<\/p>\n\n\n\n<p>Os conselheiros do Tribunal de Contas de Sergipe ganham sal\u00e1rios de maraj\u00e1s. Uma ampla reportagem do jornal Folha de S. Paulo mostra que os integrantes do nosso TCE recebem o equivalente \u00e0 elite do Judici\u00e1rio. Para se ter uma ideia, enquanto a remunera\u00e7\u00e3o l\u00edquida mensal de um ministro do Supremo Tribunal Federal \u00e9, em m\u00e9dia, R$ 30 mil, a dos conselheiros da Corte de contas sergipana fica em R$ 40 mil. O jornal paulista explica que, assim como acontece com ju\u00edzes, os tribunais de contas tratam como se n\u00e3o fossem parte do sal\u00e1rio os ganhos adicionais somados aos contracheques. Certo mesmo est\u00e1 o internauta Luiz Alberto de Ara\u00fajo Ramos, para quem o Tribunal de Contas \u201c\u00e9 o guardi\u00e3o da moral, porem por tr\u00e1s da toga n\u00e3o passa de um arranjo informal. Enquanto o povo paga a conta da farra, a Corte se cala e a verdade escarra. E o Brasil, com a cara de paisagem, assiste ao teatro da velha engrenagem\u201d.&nbsp;<em>Home v\u00f4te!<\/em><\/p>\n\n\n\n<p><strong>Grana bloqueada<\/strong><\/p>\n\n\n\n<p>Sergipe est\u00e1 entre os oito estados que tiveram suspensos o repasse de recursos das emendas Pix por n\u00e3o terem informado como aplicaram a grana liberada pelo Congresso. A suspens\u00e3o foi determinada pelo ministro do Supremo Tribunal Federal, Fl\u00e1vio Dino, e atinge universidades e suas respectivas funda\u00e7\u00f5es de apoio. A decis\u00e3o tamb\u00e9m determina que estados e munic\u00edpios t\u00eam 90 dias para prestarem contas sobre os planos de trabalho n\u00e3o cadastrados que envolvem as chamadas \u201cEmendas Pix\u201d. Al\u00e9m de Sergipe, tiveram a libera\u00e7\u00e3o de emendas suspensas os estados do Acre, Alagoas, Maranh\u00e3o, Para\u00edba, Pernambuco, Piau\u00ed e Rond\u00f4nia.&nbsp;<em>Miseric\u00f3rdia!<\/em><\/p>\n\n\n\n<p><strong>Discutindo um sonho<\/strong><\/p>\n\n\n\n<p>A convite do ministro da Casa Civil, Rui Costa, o governador de Sergipe, F\u00e1bio Mitidieri (PSD), foi \u00e0 Bras\u00edlia discutir sobre a constru\u00e7\u00e3o do Canal de Xing\u00f3, previsto para sair de Paulo Afonso (BA) e chegar em Po\u00e7o Redondo (SE). Avaliada em cerca de R$ 2,4 bilh\u00f5es e discutida desde a \u00e9poca do Imp\u00e9rio, essa obra n\u00e3o passa de um sonho de uma noite de ver\u00e3o. Ora, o governo do presidente Lula (PT) n\u00e3o tem tempo nem recursos suficientes para iniciar e concluir uma obra dessa magnitude. Sabendo disso, boa parte dos pol\u00edticos enxergam nessa miragem um bom discurso eleitoreiro para engabelar os incautos carentes de \u00e1gua.&nbsp;<em>S\u00f3 Jesus na causa!<\/em><\/p>\n\n\n\n<p><strong>Veneno \u00e0 mesa<\/strong><\/p>\n\n\n\n<p>Cada um de n\u00f3s consome cerca de 5,2 litros de veneno agr\u00edcola por ano, fato que torna o Brasil campe\u00e3o mundial no uso de agrot\u00f3xicos. Uma das bandeiras dos ambientalistas \u00e9 o fim da pulveriza\u00e7\u00e3o a\u00e9rea. Segundo eles, uma pequena parte do veneno chega \u00e0 planta, e a grande parte cai no solo, na \u00e1gua e nas comunidades que moram no entorno. Em Sergipe, este tipo de pulveriza\u00e7\u00e3o est\u00e1 aniquilando as abelhas e outros animais silvestres.&nbsp;<em>Arre \u00e9gua!<\/em><\/p>\n\n\n<div class=\"wp-block-image\">\n<figure class=\"alignright\"><a href=\"https:\/\/www.destaquenoticias.com.br\/wp-content\/uploads\/2025\/04\/emilia-sanciona-lei.jpg\"><img decoding=\"async\" src=\"https:\/\/www.destaquenoticias.com.br\/wp-content\/uploads\/2025\/04\/emilia-sanciona-lei-300x249.jpg\" alt=\"\" class=\"wp-image-104006\"\/><\/a><\/figure><\/div>\n\n\n<p><strong>Me d\u00e1 um dinheiro a\u00ed<\/strong><\/p>\n\n\n\n<p>A prefeita de Aracaju, Em\u00edlia Corr\u00eaa (PL), sancionou a Lei lhe autorizando a fazer um empr\u00e9stimo de at\u00e9 R$ 161 milh\u00f5es para comprar 30 \u00f4nibus el\u00e9tricos e instalar carregadores, uma usina de energia solar, um terminal el\u00e9trico exclusivo e melhorias na rede el\u00e9trica da capital sergipana. O financiamento foi aprovado pela C\u00e2mara Municipal de Aracaju. Ao sancionar a lei, a gestora prometeu transformar Aracaju numa cidade moderna com a mobilidade que a popula\u00e7\u00e3o merece. \u201cN\u00e3o s\u00f3 na quest\u00e3o do modal \u00f4nibus el\u00e9trico, mas nos patinetes, nas bicicletas el\u00e9tricas e nas ecobikes\u201d, discursou.&nbsp;<em>Ent\u00e3o, t\u00e1!<\/em><\/p>\n\n\n\n<p><strong>Oposi\u00e7\u00e3o baratinada<\/strong><\/p>\n\n\n\n<p>Diferente do bloco governista, que j\u00e1 discute abertamente as elei\u00e7\u00f5es de 2026, a oposi\u00e7\u00e3o sergipana marca passo, como se esperasse por um poss\u00edvel rompimento da base situacionista. N\u00e3o existe uma mobiliza\u00e7\u00e3o do grupo com foco na disputa pela cadeira ocupada hoje pelo governador F\u00e1bio Mitidieri (PSD). Muito pelo contr\u00e1rio: o que se observa s\u00e3o desentendimentos internos e lavagem de roupa suja em p\u00fablico. Caso permane\u00e7am alimentando este esp\u00edrito beligerante entre eles mesmos, os oposicionistas podem repetir o fracasso de 2022, quando foram para a disputa eleitoral divididos e deram com os burros n\u2019\u00e1gua.&nbsp;<em>Virgem sant\u00edssima!<\/em><\/p>\n\n\n\n<p><strong>Falta de di\u00e1logo<\/strong><\/p>\n\n\n\n<p>Como parte da press\u00e3o pelo atendimento de suas reivindica\u00e7\u00f5es, os auditores tribut\u00e1rios estiveram, ontem, na Assembleia Legislativa. Foram acompanhar a exposi\u00e7\u00e3o feita para os deputados pela secret\u00e1ria estadual da Fazenda, Sarah Tarsila, e pedir o apoio parlamentar para a luta da categoria. Os auditores fiscais alegam que boa parte do aumento da arrecada\u00e7\u00e3o estadual se deve ao trabalho que eles desenvolvem. A dire\u00e7\u00e3o do Sindifisco tamb\u00e9m denunciou a falta de di\u00e1logo por parte da secret\u00e1ria da Fazenda.&nbsp;<em>Cruz, credo!<\/em><\/p>\n\n\n\n<p><strong>Quer pular a cerca<\/strong><\/p>\n\n\n\n<p>O pastor Heleno Silva est\u00e1 com um p\u00e9 fora do Republicanos. O evang\u00e9lico anda preocupado com a falta de espa\u00e7os na legenda e teme ser prejudicado nas elei\u00e7\u00f5es de 0226 quando pretende disputar uma cadeira na C\u00e2mara Federal. Em 2022, Heleno se candidatou e obteve 28.173 votos, bem menos do que os 71.831 sufr\u00e1gios conseguidos pelo deputado federal Gustinho Ribeiro (Republicanos). Silva tem percorrido o sert\u00e3o sergipano e garante que a sua pr\u00e9-candidatura est\u00e1 tendo uma boa a receptividade dos sertanejos.&nbsp;<em>Marminino!<\/em><\/p>\n\n\n\n<p><strong>Futuro incerto<\/strong><\/p>\n\n\n\n<p>A classe pol\u00edtica n\u00e3o passa um dia sem falar nas elei\u00e7\u00f5es do ano que vem, embora todos saibam que daqui pra l\u00e1 muita \u00e1gua passar\u00e1 por debaixo da ponte. Outros pol\u00edticos mais comedidos preferem agir em sil\u00eancio, costurando alian\u00e7as que s\u00f3 ser\u00e3o reveladas quando as elei\u00e7\u00f5es estiverem mais pr\u00f3ximas. Independente dessas marchas e contramarchas, \u00e9 imposs\u00edvel dizer agora quem estar\u00e1 com quem em 2026, principalmente porque antes da campanha do pr\u00f3ximo ano os pr\u00e9-candidatos ter\u00e3o uma janela para trocar de partidos.&nbsp;<em>Assim tamb\u00e9m j\u00e1 \u00e9 demais tamb\u00e9m!<\/em><\/p>\n\n\n\n<p><strong>Dia da Covid-19<\/strong><\/p>\n\n\n\n<p>Sergipe lembra neste 2 de abril as 6.579 pessoas que morreram no estado v\u00edtimas da Covid-19. A data virou o Dia Estadual em mem\u00f3ria dos cidad\u00e3os que faleceram em decorr\u00eancia da pandemia, criado gra\u00e7as a um Projeto de Lei aprovado pela Assembleia Legislativa. Em 14 de mar\u00e7o de 2020 foi registado em Sergipe o primeiro caso do novo coronav\u00edrus, sendo que no dia 20 de abril daquele ano ocorreu o primeiro \u00f3bito causado pela doen\u00e7a. A primeira das mais de 6,5 mil v\u00edtimas fatais registradas no estado era uma mulher de 61 anos, com diabetes e hipertens\u00e3o.&nbsp;<em>Orai por todos e todas!<\/em><\/p>\n\n\n\n<p><strong>Perdeu no tapet\u00e3o<\/strong><\/p>\n\n\n\n<p>A Justi\u00e7a eleitoral julgou improcedente a representa\u00e7\u00e3o movida por Kak\u00e1 Andrade (PSD), candidato derrotado \u00e0 Prefeitura de Canind\u00e9 do S\u00e3o Francisco. O distinto alegou na a\u00e7\u00e3o que o seu advers\u00e1rio e hoje prefeito Machadinho (Uni\u00e3o) foi eleito principalmente por ter feito uso eleitoral irregular da r\u00e1dio Xng\u00f3. Ao analisar a reclama\u00e7\u00e3o de Kak\u00e1, o juiz Lu\u00eds Gustavo Almeida, da 28\u00aa Zona Eleitoral de Canind\u00e9, n\u00e3o enxergou as irregularidades denunciadas pelo candidato derrotado.&nbsp;<em>Aff Maria!<\/em><\/p>\n\n\n\n<p><strong>Recorte de jornal<\/strong><\/p>\n\n\n<div class=\"wp-block-image\">\n<figure class=\"alignleft\"><a href=\"https:\/\/www.destaquenoticias.com.br\/wp-content\/uploads\/2025\/04\/epitafio-interessante-correio-de-aracaju-aracaju-24-de-janeiro-de-1909.jpg\"><img decoding=\"async\" src=\"https:\/\/www.destaquenoticias.com.br\/wp-content\/uploads\/2025\/04\/epitafio-interessante-correio-de-aracaju-aracaju-24-de-janeiro-de-1909-300x152.jpg\" alt=\"\" class=\"wp-image-104007\"\/><\/a><\/figure><\/div>\n\n\n<p><\/p>\n\n\n\n<p><\/p>\n\n\n\n<p><\/p>\n\n\n\n<p>Publicado no jornal Correio de Aracaju, em 24 de janeiro de 1909.<\/p>\n\n\n\n<p>Esta coluna \u00e9 publicada pelos seguintes sites:&nbsp;<a href=\"https:\/\/www.destaquenoticias.com.br\/\">&nbsp;Destaquenot\u00edcias<\/a>,&nbsp;<a href=\"https:\/\/infonet.com.br\/\">Infonet<\/a>,&nbsp;<a href=\"https:\/\/www.faxaju.com.br\/\">Faxaju<\/a>,&nbsp;<a href=\"https:\/\/www.luxoaju.com\/\">Luxoaju<\/a>,&nbsp;<a href=\"https:\/\/leiamaisba.com.br\/\">Leiamaisba<\/a>,<a href=\"http:\/\/espacolivrenoticias.com.br\/\">&nbsp;Espa\u00e7o Livre<\/a>, Aracaju Magazine e no jornal online Zona Livre.<\/p>\n\n\n\n<p>*&nbsp;<em>\u00c9 editor do Portal Destaquenot\u00edcias<\/em><\/p>\n","protected":false},"excerpt":{"rendered":"<p>Por Adiberto de Souza&nbsp;* Os conselheiros do Tribunal de Contas de Sergipe ganham sal\u00e1rios de maraj\u00e1s. Uma ampla reportagem do jornal Folha de S. Paulo mostra que os integrantes do nosso TCE recebem o equivalente \u00e0 elite do Judici\u00e1rio. Para se ter uma ideia, enquanto a remunera\u00e7\u00e3o l\u00edquida mensal de um ministro do Supremo Tribunal [&hellip;]<\/p>\n","protected":false},"author":2,"featured_media":2517,"comment_status":"open","ping_status":"open","sticky":false,"template":"","format":"standard","meta":{"footnotes":""},"categories":[14],"tags":[],"class_list":["post-2515","post","type-post","status-publish","format-standard","has-post-thumbnail","hentry","category-politica-e-cotidiano"],"_links":{"self":[{"href":"https:\/\/espacolivresergipe.com.br\/index.php\/wp-json\/wp\/v2\/posts\/2515","targetHints":{"allow":["GET"]}}],"collection":[{"href":"https:\/\/espacolivresergipe.com.br\/index.php\/wp-json\/wp\/v2\/posts"}],"about":[{"href":"https:\/\/espacolivresergipe.com.br\/index.php\/wp-json\/wp\/v2\/types\/post"}],"author":[{"embeddable":true,"href":"https:\/\/espacolivresergipe.com.br\/index.php\/wp-json\/wp\/v2\/users\/2"}],"replies":[{"embeddable":true,"href":"https:\/\/espacolivresergipe.com.br\/index.php\/wp-json\/wp\/v2\/comments?post=2515"}],"version-history":[{"count":1,"href":"https:\/\/espacolivresergipe.com.br\/index.php\/wp-json\/wp\/v2\/posts\/2515\/revisions"}],"predecessor-version":[{"id":2516,"href":"https:\/\/espacolivresergipe.com.br\/index.php\/wp-json\/wp\/v2\/posts\/2515\/revisions\/2516"}],"wp:featuredmedia":[{"embeddable":true,"href":"https:\/\/espacolivresergipe.com.br\/index.php\/wp-json\/wp\/v2\/media\/2517"}],"wp:attachment":[{"href":"https:\/\/espacolivresergipe.com.br\/index.php\/wp-json\/wp\/v2\/media?parent=2515"}],"wp:term":[{"taxonomy":"category","embeddable":true,"href":"https:\/\/espacolivresergipe.com.br\/index.php\/wp-json\/wp\/v2\/categories?post=2515"},{"taxonomy":"post_tag","embeddable":true,"href":"https:\/\/espacolivresergipe.com.br\/index.php\/wp-json\/wp\/v2\/tags?post=2515"}],"curies":[{"name":"wp","href":"https:\/\/api.w.org\/{rel}","templated":true}]}}