{"id":2798,"date":"2025-04-04T05:06:32","date_gmt":"2025-04-04T08:06:32","guid":{"rendered":"https:\/\/espacolivresergipe.com.br\/?p=2798"},"modified":"2025-04-04T05:06:33","modified_gmt":"2025-04-04T08:06:33","slug":"prefeita-emilia-nestes-100-dias-fizemos-uma-serie-de-acoes-que-nao-foram-realizadas-em-oito-anos","status":"publish","type":"post","link":"https:\/\/espacolivresergipe.com.br\/index.php\/2025\/04\/04\/prefeita-emilia-nestes-100-dias-fizemos-uma-serie-de-acoes-que-nao-foram-realizadas-em-oito-anos\/","title":{"rendered":"Prefeita Em\u00edlia: \u201cNestes 100 dias, fizemos uma s\u00e9rie de a\u00e7\u00f5es que n\u00e3o foram realizadas em oito anos\u201d"},"content":{"rendered":"\n<p>A prefeita de Aracaju, Em\u00edlia Corr\u00eaa, participou como palestrante do evento &#8220;Almo\u00e7o com Neg\u00f3cios&#8221;, promovido pela Associa\u00e7\u00e3o Comercial e Empresarial de Sergipe (Acese) nesta quinta-feira 3. O encontro, realizado no Hotel Del Mar, na Orla de Atalaia, reuniu empres\u00e1rios, convidados e representantes da sociedade em geral.<\/p>\n\n\n\n<p>O presidente da Acese, Maur\u00edcio Vasconcelos, destacou que, pela primeira vez, os ingressos para o evento esgotaram-se em menos de 48 horas. \u201cAcredito que esse recorde de tempo s\u00f3 aconteceu porque as pessoas acreditam muito no trabalho da prefeita Em\u00edlia e queriam ouvi-la\u201d, afirmou.<\/p>\n\n\n\n<p>Ele tamb\u00e9m ressaltou o compromisso da prefeita com a revitaliza\u00e7\u00e3o do centro da cidade. \u201cAno passado, recebemos todos os pr\u00e9-candidatos na Associa\u00e7\u00e3o Comercial e sempre colocamos os mesmos temas para todos, principalmente voltados ao com\u00e9rcio. A prefeita, naquele momento, entendeu essa demanda e inseriu parte das nossas ideias no seu projeto de solu\u00e7\u00f5es. Agora, \u00e9 o momento de dialogar e acompanhar essas a\u00e7\u00f5es\u201d, disse.<\/p>\n\n\n\n<p>Durante a palestra, Em\u00edlia apresentou um balan\u00e7o dos quase 100 dias de mandato e as metas para o futuro de Aracaju. Ela destacou as a\u00e7\u00f5es implementadas em diversas \u00e1reas, como Sa\u00fade, Educa\u00e7\u00e3o, Infraestrutura, Transporte, Meio Ambiente, Esporte, Desenvolvimento Econ\u00f4mico, Cultura e Turismo. Al\u00e9m disso, citou projetos em andamento, como a constru\u00e7\u00e3o de Unidades de Sa\u00fade da Fam\u00edlia, Academias da Sa\u00fade, a aquisi\u00e7\u00e3o de \u00f4nibus el\u00e9tricos e obras viabilizadas pelo Programa de Acelera\u00e7\u00e3o do Crescimento (Novo PAC).<\/p>\n\n\n\n<p>A prefeita tamb\u00e9m comentou sobre o censo em andamento no centro da cidade, que servir\u00e1 de base para o projeto de revitaliza\u00e7\u00e3o da regi\u00e3o. \u201cPrecisamos organizar o centro, devolvendo-o para a cidade e para os cidad\u00e3os. Faremos isso com responsabilidade, garantindo tamb\u00e9m um espa\u00e7o para os ambulantes, sem prejudicar o direito dos pedestres de transitar livremente\u201d, afirmou.<\/p>\n\n\n\n<p>Para Em\u00edlia, o evento foi uma oportunidade essencial para estreitar o di\u00e1logo com o setor produtivo da capital sergipana. \u201cO setor produtivo do estado \u00e9 muito importante para n\u00f3s, que fazemos a gest\u00e3o municipal. Esse \u00e9 mais um momento de conversa com a Acese. J\u00e1 tivemos reuni\u00f5es voltadas para o centro da cidade e, nos pr\u00f3ximos dias, algumas a\u00e7\u00f5es importantes ser\u00e3o colocadas em pr\u00e1tica\u201d, destacou.<\/p>\n\n\n\n<p>A prefeita ressaltou ainda as mudan\u00e7as promovidas no transporte p\u00fablico municipal. \u201cNestes 100 dias, fizemos uma s\u00e9rie de a\u00e7\u00f5es que n\u00e3o foram realizadas em oito anos. Determinamos uma idade m\u00ednima para a frota de \u00f4nibus, evitando ve\u00edculos antigos e inseguros. Agora, todos os novos \u00f4nibus devem ter ar-condicionado e, em breve, queremos toda a frota modernizada\u201d, disse.<\/p>\n\n\n\n<p>Durante o evento, os empres\u00e1rios puderam fazer perguntas \u00e0 prefeita sobre temas como mobilidade urbana, empreendedorismo feminino, finan\u00e7as do munic\u00edpio, autismo e setor imobili\u00e1rio. A empres\u00e1ria Eli Aciole elogiou a iniciativa e ressaltou a import\u00e2ncia da gest\u00e3o de Em\u00edlia. \u201c\u00c9 um privil\u00e9gio v\u00ea-la nesse papel, sendo mulher, empreendedora e assumindo esse desafio. Espero que ela continue melhorando a cidade e ampliando os atendimentos para terapias de crian\u00e7as at\u00edpicas\u201d, declarou.<\/p>\n\n\n\n<p>Maur\u00edcio Vasconcelos tamb\u00e9m avaliou o evento como um momento oportuno para conhecer as a\u00e7\u00f5es da nova gest\u00e3o. \u201cQuando h\u00e1 uma mudan\u00e7a na administra\u00e7\u00e3o municipal ou estadual, as esperan\u00e7as se renovam. Esse encontro permite que a prefeita apresente suas propostas e interaja diretamente com empres\u00e1rios, profissionais liberais e a sociedade em geral\u201d, concluiu.<\/p>\n\n\n\n<p>Ao final do evento, a diretoria da Acese homenageou a prefeita com uma imagem com uma gravura do pr\u00e9dio da institui\u00e7\u00e3o, agradecendo \u00e0 gestora pela presen\u00e7a e desejando sabedoria, sucesso na condu\u00e7\u00e3o de Aracaju e refor\u00e7ando o compromisso em contribuir para um ambiente de neg\u00f3cios cada vez mais pr\u00f3spero.<\/p>\n\n\n\n<p>Com informa\u00e7\u00f5es da AAN &#8211; Foto: Karla Tavares<\/p>\n","protected":false},"excerpt":{"rendered":"<p>A prefeita de Aracaju, Em\u00edlia Corr\u00eaa, participou como palestrante do evento &#8220;Almo\u00e7o com Neg\u00f3cios&#8221;, promovido pela Associa\u00e7\u00e3o Comercial e Empresarial de Sergipe (Acese) nesta quinta-feira 3. O encontro, realizado no Hotel Del Mar, na Orla de Atalaia, reuniu empres\u00e1rios, convidados e representantes da sociedade em geral. O presidente da Acese, Maur\u00edcio Vasconcelos, destacou que, pela [&hellip;]<\/p>\n","protected":false},"author":2,"featured_media":2799,"comment_status":"open","ping_status":"open","sticky":false,"template":"","format":"standard","meta":{"footnotes":""},"categories":[11,6,2],"tags":[],"class_list":["post-2798","post","type-post","status-publish","format-standard","has-post-thumbnail","hentry","category-destaque","category-letreiro","category-politica"],"_links":{"self":[{"href":"https:\/\/espacolivresergipe.com.br\/index.php\/wp-json\/wp\/v2\/posts\/2798","targetHints":{"allow":["GET"]}}],"collection":[{"href":"https:\/\/espacolivresergipe.com.br\/index.php\/wp-json\/wp\/v2\/posts"}],"about":[{"href":"https:\/\/espacolivresergipe.com.br\/index.php\/wp-json\/wp\/v2\/types\/post"}],"author":[{"embeddable":true,"href":"https:\/\/espacolivresergipe.com.br\/index.php\/wp-json\/wp\/v2\/users\/2"}],"replies":[{"embeddable":true,"href":"https:\/\/espacolivresergipe.com.br\/index.php\/wp-json\/wp\/v2\/comments?post=2798"}],"version-history":[{"count":1,"href":"https:\/\/espacolivresergipe.com.br\/index.php\/wp-json\/wp\/v2\/posts\/2798\/revisions"}],"predecessor-version":[{"id":2800,"href":"https:\/\/espacolivresergipe.com.br\/index.php\/wp-json\/wp\/v2\/posts\/2798\/revisions\/2800"}],"wp:featuredmedia":[{"embeddable":true,"href":"https:\/\/espacolivresergipe.com.br\/index.php\/wp-json\/wp\/v2\/media\/2799"}],"wp:attachment":[{"href":"https:\/\/espacolivresergipe.com.br\/index.php\/wp-json\/wp\/v2\/media?parent=2798"}],"wp:term":[{"taxonomy":"category","embeddable":true,"href":"https:\/\/espacolivresergipe.com.br\/index.php\/wp-json\/wp\/v2\/categories?post=2798"},{"taxonomy":"post_tag","embeddable":true,"href":"https:\/\/espacolivresergipe.com.br\/index.php\/wp-json\/wp\/v2\/tags?post=2798"}],"curies":[{"name":"wp","href":"https:\/\/api.w.org\/{rel}","templated":true}]}}