{"id":2804,"date":"2025-04-04T06:03:09","date_gmt":"2025-04-04T09:03:09","guid":{"rendered":"https:\/\/espacolivresergipe.com.br\/?p=2804"},"modified":"2025-04-04T06:03:10","modified_gmt":"2025-04-04T09:03:10","slug":"formacao-tecnica-impulsiona-industria-textil-no-municipio-de-itabaianinha","status":"publish","type":"post","link":"https:\/\/espacolivresergipe.com.br\/index.php\/2025\/04\/04\/formacao-tecnica-impulsiona-industria-textil-no-municipio-de-itabaianinha\/","title":{"rendered":"Forma\u00e7\u00e3o t\u00e9cnica impulsiona ind\u00fastria t\u00eaxtil no munic\u00edpio de Itabaianinha"},"content":{"rendered":"\n<p>O munic\u00edpio de Itabaianinha, localizado no sul sergipano, \u00e9 conhecido por sua forte produ\u00e7\u00e3o no setor t\u00eaxtil e conta com uma iniciativa que vem transformando a realidade de jovens e estudantes da regi\u00e3o: o curso t\u00e9cnico em Modelagem do Vestu\u00e1rio ofertado no Col\u00e9gio Estadual Monsenhor Ol\u00edmpio Campos. Mais do que uma forma\u00e7\u00e3o acad\u00eamica, o curso representa uma ponte entre a escola e o mercado de trabalho, capacitando os alunos para atuarem em uma das principais cadeias produtivas do estado.<\/p>\n\n\n\n<p>O curso \u00e9 ofertado em duas modalidades: integrada ao ensino m\u00e9dio, com dura\u00e7\u00e3o de tr\u00eas anos, e subsequente, com dura\u00e7\u00e3o de um ano e meio. Durante a forma\u00e7\u00e3o, os estudantes aprendem a interpretar desenhos estil\u00edsticos, selecionar materiais adequados para a confec\u00e7\u00e3o de pe\u00e7as e aplicar t\u00e9cnicas de modelagem. Al\u00e9m disso, eles t\u00eam a oportunidade de desenvolver suas pr\u00f3prias cole\u00e7\u00f5es e participar de projetos na escola.<\/p>\n\n\n\n<p>A forma\u00e7\u00e3o se diferencia pela abordagem pr\u00e1tica, gra\u00e7as \u00e0 parceria entre a escola, o Banco Ita\u00fa e a Associa\u00e7\u00e3o de Confec\u00e7\u00e3o do Munic\u00edpio de Itabaianinha, que disponibiliza o polo t\u00eaxtil como espa\u00e7o para as aulas pr\u00e1ticas. Esse ambiente permite que os alunos vivenciem o dia a dia da ind\u00fastria da moda e apliquem os conhecimentos adquiridos diretamente no processo produtivo.<\/p>\n\n\n\n<p>Atualmente, o curso conta com 50 alunos, 24 dos quais constituem a turma do curso integrado e 26 do curso subsequente. &#8220;O curso t\u00e9cnico de Modelagem do Vestu\u00e1rio oferece aos nossos estudantes oportunidades concretas de inser\u00e7\u00e3o no mercado de trabalho e contribui para o desenvolvimento econ\u00f4mico local&#8221;, destaca a diretora da escola, T\u00e2nia Silva.<\/p>\n\n\n\n<p>A professora Thays Ribeiro, que coordena os projetos do curso, ressalta o talento e a criatividade dos estudantes. &#8220;Os projetos proporcionam aos alunos uma experi\u00eancia real do que \u00e9 a ind\u00fastria t\u00eaxtil, permitindo que suas habilidades t\u00e9cnicas sejam aplicadas em desafios de cria\u00e7\u00e3o. O curso j\u00e1 presenciou projetos de desenvolvimento de cole\u00e7\u00e3o, nos quais os alunos passam pelo processo completo de cria\u00e7\u00e3o, desde a pesquisa de tend\u00eancias e escolha de inspira\u00e7\u00f5es at\u00e9 a modelagem e confec\u00e7\u00e3o das pe\u00e7as&#8221;.<\/p>\n\n\n\n<p>Para a aluna Layline Rodrigues, a forma\u00e7\u00e3o representa uma grande oportunidade, sobretudo por viver em uma regi\u00e3o onde o ramo da confec\u00e7\u00e3o est\u00e1 em alta. &#8220;Tenho interesse em seguir no ramo da modelagem porque, aqui na minha cidade, trabalhar com isso gera um bom retorno financeiro&#8221;, destacou.<\/p>\n\n\n\n<p>A representante do N\u00facleo de Educa\u00e7\u00e3o Profissional e Tecnol\u00f3gica da Secretaria de Estado da Educa\u00e7\u00e3o (Seed), Ione Santos, lembra que o curso reflete a pol\u00edtica estadual voltada para alinhar a forma\u00e7\u00e3o t\u00e9cnica \u00e0s demandas do setor produtivo. &#8220;O objetivo do curso \u00e9 fortalecer a comunidade de Itabaianinha, que tem grande relev\u00e2ncia no ramo da confec\u00e7\u00e3o. Ele \u00e9 um exemplo de como a Educa\u00e7\u00e3o Profissional e Tecnol\u00f3gica pode atender aos arranjos produtivos regionais, preparando os jovens para as demandas atuais do mercado&#8221;.<\/p>\n\n\n\n<p>Educa\u00e7\u00e3o Profissional e Tecnol\u00f3gica em Sergipe<\/p>\n\n\n\n<p>O curso t\u00e9cnico em Modelagem do Vestu\u00e1rio faz parte da Educa\u00e7\u00e3o Profissional e Tecnol\u00f3gica (EPT), uma pol\u00edtica p\u00fablica do Governo do Estado de Sergipe, executada pela Seed. A iniciativa busca expandir a oferta de cursos t\u00e9cnicos em diferentes \u00e1reas, garantindo que a forma\u00e7\u00e3o profissional esteja alinhada \u00e0s necessidades econ\u00f4micas regionais.<\/p>\n\n\n\n<p>As novas diretrizes da EPT ampliam a oferta de cursos t\u00e9cnicos e de qualifica\u00e7\u00e3o profissional em diferentes modalidades \u2013 integrada, concomitante e subsequente. Al\u00e9m disso, preveem a cria\u00e7\u00e3o de uma estrutura de governan\u00e7a para a implementa\u00e7\u00e3o, monitoramento e avalia\u00e7\u00e3o cont\u00ednua dessa pol\u00edtica, fortalecendo parcerias com institui\u00e7\u00f5es p\u00fablicas e privadas para viabilizar pr\u00e1ticas profissionais, est\u00e1gios, monitorias e a\u00e7\u00f5es de extens\u00e3o e pesquisa.<\/p>\n\n\n\n<p>Atualmente, a rede estadual de ensino de Sergipe oferta 41 cursos t\u00e9cnicos em 68 unidades escolares, distribu\u00eddas em 34 munic\u00edpios, preparando cidad\u00e3os para o mercado de trabalho em \u00e1reas como Nutri\u00e7\u00e3o e Diet\u00e9tica, Inform\u00e1tica e Redes, Seguran\u00e7a do Trabalho, Administra\u00e7\u00e3o e Automa\u00e7\u00e3o Industrial.<\/p>\n\n\n\n<p>A expectativa \u00e9 de que, com a amplia\u00e7\u00e3o da EPT, mais jovens possam se capacitar e contribuir para o crescimento econ\u00f4mico do estado, fortalecendo setores estrat\u00e9gicos como a ind\u00fastria t\u00eaxtil, um dos pilares da economia de Itabaianinha.<\/p>\n\n\n\n<p>Foto Maria Od\u00edlia<\/p>\n\n\n\n<p>Assessoria de Comunica\u00e7\u00e3o da SEDUC<\/p>\n","protected":false},"excerpt":{"rendered":"<p>O munic\u00edpio de Itabaianinha, localizado no sul sergipano, \u00e9 conhecido por sua forte produ\u00e7\u00e3o no setor t\u00eaxtil e conta com uma iniciativa que vem transformando a realidade de jovens e estudantes da regi\u00e3o: o curso t\u00e9cnico em Modelagem do Vestu\u00e1rio ofertado no Col\u00e9gio Estadual Monsenhor Ol\u00edmpio Campos. Mais do que uma forma\u00e7\u00e3o acad\u00eamica, o curso [&hellip;]<\/p>\n","protected":false},"author":2,"featured_media":2805,"comment_status":"open","ping_status":"open","sticky":false,"template":"","format":"standard","meta":{"footnotes":""},"categories":[13,10],"tags":[],"class_list":["post-2804","post","type-post","status-publish","format-standard","has-post-thumbnail","hentry","category-acontece","category-noticias"],"_links":{"self":[{"href":"https:\/\/espacolivresergipe.com.br\/index.php\/wp-json\/wp\/v2\/posts\/2804","targetHints":{"allow":["GET"]}}],"collection":[{"href":"https:\/\/espacolivresergipe.com.br\/index.php\/wp-json\/wp\/v2\/posts"}],"about":[{"href":"https:\/\/espacolivresergipe.com.br\/index.php\/wp-json\/wp\/v2\/types\/post"}],"author":[{"embeddable":true,"href":"https:\/\/espacolivresergipe.com.br\/index.php\/wp-json\/wp\/v2\/users\/2"}],"replies":[{"embeddable":true,"href":"https:\/\/espacolivresergipe.com.br\/index.php\/wp-json\/wp\/v2\/comments?post=2804"}],"version-history":[{"count":1,"href":"https:\/\/espacolivresergipe.com.br\/index.php\/wp-json\/wp\/v2\/posts\/2804\/revisions"}],"predecessor-version":[{"id":2806,"href":"https:\/\/espacolivresergipe.com.br\/index.php\/wp-json\/wp\/v2\/posts\/2804\/revisions\/2806"}],"wp:featuredmedia":[{"embeddable":true,"href":"https:\/\/espacolivresergipe.com.br\/index.php\/wp-json\/wp\/v2\/media\/2805"}],"wp:attachment":[{"href":"https:\/\/espacolivresergipe.com.br\/index.php\/wp-json\/wp\/v2\/media?parent=2804"}],"wp:term":[{"taxonomy":"category","embeddable":true,"href":"https:\/\/espacolivresergipe.com.br\/index.php\/wp-json\/wp\/v2\/categories?post=2804"},{"taxonomy":"post_tag","embeddable":true,"href":"https:\/\/espacolivresergipe.com.br\/index.php\/wp-json\/wp\/v2\/tags?post=2804"}],"curies":[{"name":"wp","href":"https:\/\/api.w.org\/{rel}","templated":true}]}}