{"id":2816,"date":"2025-04-04T07:24:50","date_gmt":"2025-04-04T10:24:50","guid":{"rendered":"https:\/\/espacolivresergipe.com.br\/?p=2816"},"modified":"2025-04-04T07:24:51","modified_gmt":"2025-04-04T10:24:51","slug":"itabaiana-realiza-i-encontro-municipal-pelo-mes-da-conscientizacao-do-autismo","status":"publish","type":"post","link":"https:\/\/espacolivresergipe.com.br\/index.php\/2025\/04\/04\/itabaiana-realiza-i-encontro-municipal-pelo-mes-da-conscientizacao-do-autismo\/","title":{"rendered":"Itabaiana realiza I Encontro Municipal pelo M\u00eas da Conscientiza\u00e7\u00e3o do Autismo"},"content":{"rendered":"\n<p>Na tarde desta quinta-feira, 3 de abril, a Prefeitura de Itabaiana, atrav\u00e9s da Secretaria Municipal de Sa\u00fade, promoveu o \u201cI Encontro municipal pelo m\u00eas de conscientiza\u00e7\u00e3o do autismo\u201d, reunindo profissionais da \u00e1rea da sa\u00fade e familiares no audit\u00f3rio do SEST SENAT. O evento integra a programa\u00e7\u00e3o da campanha \u201cAbril Azul\u201d, voltada \u00e0 conscientiza\u00e7\u00e3o sobre o Transtorno do Espectro Autista (TEA).<\/p>\n\n\n\n<p>Itabaiana tem se destacado por suas pol\u00edticas p\u00fablicas voltadas \u00e0 causa, com destaque para o funcionamento do Centro de Refer\u00eancia do Autismo (TEAcolhendo), onde 36 profissionais \u2014 entre m\u00e9dicos, psic\u00f3logos, terapeutas ocupacionais, fonoaudi\u00f3logos e psicopedagogos \u2014 realizam atendimentos semanais a 508 pacientes diagnosticados com TEA. Al\u00e9m disso, o munic\u00edpio tamb\u00e9m oferece o servi\u00e7o de equoterapia, que \u00e9 uma terapia complementar no tratamento de crian\u00e7as com autismo.<\/p>\n\n\n\n<p>\u201cEstamos falando de uma pol\u00edtica p\u00fablica s\u00e9ria, com investimentos reais. Itabaiana \u00e9 um dos poucos munic\u00edpios do Brasil que oferece equoterapia como servi\u00e7o p\u00fablico. Nosso compromisso \u00e9 ampliar cada vez mais o acolhimento e garantir dignidade \u00e0s fam\u00edlias e \u00e0s pessoas com autismo. Contem sempre com o apoio da Prefeitura\u201d, \u00e9 o que destaca o prefeito Valmir de Francisquinho.<\/p>\n\n\n\n<p>Inaugurado em 2024, o centro de equoterapia conta com 16 profissionais especializados, que realizam atendimentos cont\u00ednuos com foco em melhorar o desenvolvimento f\u00edsico, emocional e social dos pacientes.<\/p>\n\n\n\n<p>Ascom Prefeitura de Itabaiana<\/p>\n","protected":false},"excerpt":{"rendered":"<p>Na tarde desta quinta-feira, 3 de abril, a Prefeitura de Itabaiana, atrav\u00e9s da Secretaria Municipal de Sa\u00fade, promoveu o \u201cI Encontro municipal pelo m\u00eas de conscientiza\u00e7\u00e3o do autismo\u201d, reunindo profissionais da \u00e1rea da sa\u00fade e familiares no audit\u00f3rio do SEST SENAT. O evento integra a programa\u00e7\u00e3o da campanha \u201cAbril Azul\u201d, voltada \u00e0 conscientiza\u00e7\u00e3o sobre o [&hellip;]<\/p>\n","protected":false},"author":2,"featured_media":2817,"comment_status":"open","ping_status":"open","sticky":false,"template":"","format":"standard","meta":{"footnotes":""},"categories":[13,7],"tags":[],"class_list":["post-2816","post","type-post","status-publish","format-standard","has-post-thumbnail","hentry","category-acontece","category-sergipe"],"_links":{"self":[{"href":"https:\/\/espacolivresergipe.com.br\/index.php\/wp-json\/wp\/v2\/posts\/2816","targetHints":{"allow":["GET"]}}],"collection":[{"href":"https:\/\/espacolivresergipe.com.br\/index.php\/wp-json\/wp\/v2\/posts"}],"about":[{"href":"https:\/\/espacolivresergipe.com.br\/index.php\/wp-json\/wp\/v2\/types\/post"}],"author":[{"embeddable":true,"href":"https:\/\/espacolivresergipe.com.br\/index.php\/wp-json\/wp\/v2\/users\/2"}],"replies":[{"embeddable":true,"href":"https:\/\/espacolivresergipe.com.br\/index.php\/wp-json\/wp\/v2\/comments?post=2816"}],"version-history":[{"count":1,"href":"https:\/\/espacolivresergipe.com.br\/index.php\/wp-json\/wp\/v2\/posts\/2816\/revisions"}],"predecessor-version":[{"id":2818,"href":"https:\/\/espacolivresergipe.com.br\/index.php\/wp-json\/wp\/v2\/posts\/2816\/revisions\/2818"}],"wp:featuredmedia":[{"embeddable":true,"href":"https:\/\/espacolivresergipe.com.br\/index.php\/wp-json\/wp\/v2\/media\/2817"}],"wp:attachment":[{"href":"https:\/\/espacolivresergipe.com.br\/index.php\/wp-json\/wp\/v2\/media?parent=2816"}],"wp:term":[{"taxonomy":"category","embeddable":true,"href":"https:\/\/espacolivresergipe.com.br\/index.php\/wp-json\/wp\/v2\/categories?post=2816"},{"taxonomy":"post_tag","embeddable":true,"href":"https:\/\/espacolivresergipe.com.br\/index.php\/wp-json\/wp\/v2\/tags?post=2816"}],"curies":[{"name":"wp","href":"https:\/\/api.w.org\/{rel}","templated":true}]}}