{"id":2840,"date":"2025-04-04T09:31:27","date_gmt":"2025-04-04T12:31:27","guid":{"rendered":"https:\/\/espacolivresergipe.com.br\/?p=2840"},"modified":"2025-04-04T09:31:27","modified_gmt":"2025-04-04T12:31:27","slug":"secretario-do-turismo-de-aracaju-assume-cadeira-no-conselho-fiscal-da-anseditur","status":"publish","type":"post","link":"https:\/\/espacolivresergipe.com.br\/index.php\/2025\/04\/04\/secretario-do-turismo-de-aracaju-assume-cadeira-no-conselho-fiscal-da-anseditur\/","title":{"rendered":"Secret\u00e1rio do Turismo de Aracaju assume cadeira no Conselho Fiscal da Anseditur"},"content":{"rendered":"\n<p>O secret\u00e1rio Municipal do Turismo de Aracaju (Setur), F\u00e1bio Andrade, tomou posse como membro do Conselho Fiscal da Associa\u00e7\u00e3o Nacional de Secret\u00e1rios e Dirigentes de Turismo (Anseditur). O momento fez parte da IV Marcha dos Secret\u00e1rios de Turismo, iniciada, em Bras\u00edlia, na \u00faltima ter\u00e7a-feira, 1, e finalizada nesta quinta-feira, 3.<\/p>\n\n\n\n<p>\u201cEstamos trabalhando para profissionalizar a gest\u00e3o do turismo e posicionar Aracaju como um destino tur\u00edstico qualificado. A cadeira que assumimos \u00e9 uma grande conquista. Seguiremos fazendo o melhor para nossa capital. Estamos vivendo um novo momento, um momento de plantar sementes que dar\u00e3o frutos incr\u00edveis\u201d, afirmou o secret\u00e1rio F\u00e1bio Andrade.<\/p>\n\n\n\n<p>Gestores de todo o pa\u00eds reuniram-se em Bras\u00edlia para a IV Marcha dos Secret\u00e1rios de Turismo. O evento teve como tema: Construindo o Futuro do Turismo. Trata-se de uma excelente oportunidade para fortalecer a rela\u00e7\u00e3o entre o Governo Federal e os novos dirigentes locais. A Marcha travou debates sobre o impacto da intelig\u00eancia artificial, novas tecnologias, estrat\u00e9gias sustent\u00e1veis e como usar dados a favor do desenvolvimento do turismo.<\/p>\n\n\n\n<p>Al\u00e9m do secret\u00e1rio F\u00e1bio Andrade, o diretor de Planejamento e Qualifica\u00e7\u00e3o da Setur Aracaju, \u00cdcaro Carvalho, tamb\u00e9m participou do evento. \u201cParticipar deste evento vai al\u00e9m de capacitar-se, \u00e9 uma oportunidade \u00edmpar de di\u00e1logo entre as esferas municipal e federal. Levaremos os frutos deste momento para o desenvolvimento de a\u00e7\u00f5es em Aracaju\u201d, explicou o diretor.<\/p>\n\n\n\n<p>Foto: Anseditur<\/p>\n","protected":false},"excerpt":{"rendered":"<p>O secret\u00e1rio Municipal do Turismo de Aracaju (Setur), F\u00e1bio Andrade, tomou posse como membro do Conselho Fiscal da Associa\u00e7\u00e3o Nacional de Secret\u00e1rios e Dirigentes de Turismo (Anseditur). O momento fez parte da IV Marcha dos Secret\u00e1rios de Turismo, iniciada, em Bras\u00edlia, na \u00faltima ter\u00e7a-feira, 1, e finalizada nesta quinta-feira, 3. \u201cEstamos trabalhando para profissionalizar a [&hellip;]<\/p>\n","protected":false},"author":2,"featured_media":2841,"comment_status":"open","ping_status":"open","sticky":false,"template":"","format":"standard","meta":{"footnotes":""},"categories":[12,10],"tags":[],"class_list":["post-2840","post","type-post","status-publish","format-standard","has-post-thumbnail","hentry","category-agora","category-noticias"],"_links":{"self":[{"href":"https:\/\/espacolivresergipe.com.br\/index.php\/wp-json\/wp\/v2\/posts\/2840","targetHints":{"allow":["GET"]}}],"collection":[{"href":"https:\/\/espacolivresergipe.com.br\/index.php\/wp-json\/wp\/v2\/posts"}],"about":[{"href":"https:\/\/espacolivresergipe.com.br\/index.php\/wp-json\/wp\/v2\/types\/post"}],"author":[{"embeddable":true,"href":"https:\/\/espacolivresergipe.com.br\/index.php\/wp-json\/wp\/v2\/users\/2"}],"replies":[{"embeddable":true,"href":"https:\/\/espacolivresergipe.com.br\/index.php\/wp-json\/wp\/v2\/comments?post=2840"}],"version-history":[{"count":1,"href":"https:\/\/espacolivresergipe.com.br\/index.php\/wp-json\/wp\/v2\/posts\/2840\/revisions"}],"predecessor-version":[{"id":2842,"href":"https:\/\/espacolivresergipe.com.br\/index.php\/wp-json\/wp\/v2\/posts\/2840\/revisions\/2842"}],"wp:featuredmedia":[{"embeddable":true,"href":"https:\/\/espacolivresergipe.com.br\/index.php\/wp-json\/wp\/v2\/media\/2841"}],"wp:attachment":[{"href":"https:\/\/espacolivresergipe.com.br\/index.php\/wp-json\/wp\/v2\/media?parent=2840"}],"wp:term":[{"taxonomy":"category","embeddable":true,"href":"https:\/\/espacolivresergipe.com.br\/index.php\/wp-json\/wp\/v2\/categories?post=2840"},{"taxonomy":"post_tag","embeddable":true,"href":"https:\/\/espacolivresergipe.com.br\/index.php\/wp-json\/wp\/v2\/tags?post=2840"}],"curies":[{"name":"wp","href":"https:\/\/api.w.org\/{rel}","templated":true}]}}