{"id":2866,"date":"2025-04-04T11:27:20","date_gmt":"2025-04-04T14:27:20","guid":{"rendered":"https:\/\/espacolivresergipe.com.br\/?p=2866"},"modified":"2025-04-04T11:27:21","modified_gmt":"2025-04-04T14:27:21","slug":"vice-prefeita-de-lagarto-recebe-reconhecimento-do-deputado-ibrain-de-valmir","status":"publish","type":"post","link":"https:\/\/espacolivresergipe.com.br\/index.php\/2025\/04\/04\/vice-prefeita-de-lagarto-recebe-reconhecimento-do-deputado-ibrain-de-valmir\/","title":{"rendered":"Vice-prefeita de Lagarto recebe reconhecimento do deputado Ibrain de Valmir"},"content":{"rendered":"\n<p>Na manh\u00e3 dessa sexta-feira, 04, a secret\u00e1ria de Desenvolvimento Social e do Trabalho e vice-prefeita de Lagarto, Suely Menezes, recebeu a visita institucional do deputado Ibrain Monteiro (PV). A reuni\u00e3o contou com a discuss\u00e3o das a\u00e7\u00f5es realizadas pela secretaria e parcerias para beneficiar os lagartenses.<\/p>\n\n\n\n<p>O deputado Ibrain Monteiro demonstrou sua satisfa\u00e7\u00e3o com o progresso da secretaria, afirmando: &#8220;Estou maravilhado com o progresso que a secretaria teve dentro do munic\u00edpio de Lagarto, e feliz por estar vendo o carinho que a secret\u00e1ria est\u00e1 tendo com as pessoas que mais precisam do servi\u00e7o p\u00fablico. Parabenizo a minha secret\u00e1ria pelo excelente trabalho&#8221;.<\/p>\n\n\n\n<p>A secret\u00e1ria Suely agradeceu a visita do deputado e destacou a import\u00e2ncia da parceria para o desenvolvimento do munic\u00edpio. &#8220;Foi uma honra muito grande receber a visita de Ibrain, que \u00e9 um parceiro, deputado atuante e sempre preocupado com os lagartenses&#8221;, disse.<\/p>\n\n\n\n<p>A visita institucional refor\u00e7a a import\u00e2ncia da colabora\u00e7\u00e3o entre os poderes executivo e legislativo para o bem-estar da popula\u00e7\u00e3o de Lagarto.<\/p>\n\n\n\n<p>ASCOM &#8211; Suely Menezes (vice-prefeita de Lagarto)<\/p>\n","protected":false},"excerpt":{"rendered":"<p>Na manh\u00e3 dessa sexta-feira, 04, a secret\u00e1ria de Desenvolvimento Social e do Trabalho e vice-prefeita de Lagarto, Suely Menezes, recebeu a visita institucional do deputado Ibrain Monteiro (PV). A reuni\u00e3o contou com a discuss\u00e3o das a\u00e7\u00f5es realizadas pela secretaria e parcerias para beneficiar os lagartenses. O deputado Ibrain Monteiro demonstrou sua satisfa\u00e7\u00e3o com o progresso [&hellip;]<\/p>\n","protected":false},"author":2,"featured_media":2867,"comment_status":"open","ping_status":"open","sticky":false,"template":"","format":"standard","meta":{"footnotes":""},"categories":[13,7],"tags":[],"class_list":["post-2866","post","type-post","status-publish","format-standard","has-post-thumbnail","hentry","category-acontece","category-sergipe"],"_links":{"self":[{"href":"https:\/\/espacolivresergipe.com.br\/index.php\/wp-json\/wp\/v2\/posts\/2866","targetHints":{"allow":["GET"]}}],"collection":[{"href":"https:\/\/espacolivresergipe.com.br\/index.php\/wp-json\/wp\/v2\/posts"}],"about":[{"href":"https:\/\/espacolivresergipe.com.br\/index.php\/wp-json\/wp\/v2\/types\/post"}],"author":[{"embeddable":true,"href":"https:\/\/espacolivresergipe.com.br\/index.php\/wp-json\/wp\/v2\/users\/2"}],"replies":[{"embeddable":true,"href":"https:\/\/espacolivresergipe.com.br\/index.php\/wp-json\/wp\/v2\/comments?post=2866"}],"version-history":[{"count":1,"href":"https:\/\/espacolivresergipe.com.br\/index.php\/wp-json\/wp\/v2\/posts\/2866\/revisions"}],"predecessor-version":[{"id":2868,"href":"https:\/\/espacolivresergipe.com.br\/index.php\/wp-json\/wp\/v2\/posts\/2866\/revisions\/2868"}],"wp:featuredmedia":[{"embeddable":true,"href":"https:\/\/espacolivresergipe.com.br\/index.php\/wp-json\/wp\/v2\/media\/2867"}],"wp:attachment":[{"href":"https:\/\/espacolivresergipe.com.br\/index.php\/wp-json\/wp\/v2\/media?parent=2866"}],"wp:term":[{"taxonomy":"category","embeddable":true,"href":"https:\/\/espacolivresergipe.com.br\/index.php\/wp-json\/wp\/v2\/categories?post=2866"},{"taxonomy":"post_tag","embeddable":true,"href":"https:\/\/espacolivresergipe.com.br\/index.php\/wp-json\/wp\/v2\/tags?post=2866"}],"curies":[{"name":"wp","href":"https:\/\/api.w.org\/{rel}","templated":true}]}}