{"id":2916,"date":"2025-04-04T16:21:31","date_gmt":"2025-04-04T19:21:31","guid":{"rendered":"https:\/\/espacolivresergipe.com.br\/?p=2916"},"modified":"2025-04-04T16:21:31","modified_gmt":"2025-04-04T19:21:31","slug":"sergipe-apresenta-476-propostas-para-equipamentos-e-obras-no-novo-pac-selecoes","status":"publish","type":"post","link":"https:\/\/espacolivresergipe.com.br\/index.php\/2025\/04\/04\/sergipe-apresenta-476-propostas-para-equipamentos-e-obras-no-novo-pac-selecoes\/","title":{"rendered":"Sergipe apresenta 476 propostas para equipamentos e obras no Novo PAC Sele\u00e7\u00f5es"},"content":{"rendered":"\n<p>Segunda edi\u00e7\u00e3o recebeu mais de 35 mil projetos de 5.537 munic\u00edpios brasileiros<\/p>\n\n\n\n<p>O Governo Federal recebeu 35.119 propostas para a segunda edi\u00e7\u00e3o do Novo PAC Sele\u00e7\u00f5es 2025, enviadas por 5.537 munic\u00edpios \u2014 um total que corresponde a 99,4% das cidades do pa\u00eds. Os projetos foram encaminhados por gestores e gestoras entre 24 de fevereiro e 31 de mar\u00e7o. O programa vai investir R$ 49,2 bilh\u00f5es em 19 tipos de empreendimentos, organizados em quatro eixos: Sa\u00fade; Educa\u00e7\u00e3o, Ci\u00eancia e Tecnologia; Infraestrutura Social e Inclusiva; Cidades Sustent\u00e1veis e Resilientes.<br>&nbsp;<\/p>\n\n\n\n<p>No estado de Sergipe, 476 propostas foram enviadas ao Novo PAC Sele\u00e7\u00f5es 2025, sendo tr\u00eas elaboradas pela gest\u00e3o estadual e 473 preparadas pelas prefeituras. Todos os 75 munic\u00edpios do estado inscreveram projetos. A capital Aracaju tem o maior n\u00famero de propostas inscritas: 16. Lagarto, com 10, Laranjeiras e S\u00e3o Crist\u00f3v\u00e3o, ambas com nove propostas, seguidas por Boquim, com oito, fecham o &#8220;top 5&#8221; das cidades com mais propostas inscritas.<br>&nbsp;<\/p>\n\n\n\n<p><strong>Confira as propostas de Sergipe para o Novo PAC Sele\u00e7\u00f5es 2025 por eixo:SA\u00daDE<\/strong><\/p>\n\n\n\n<ul class=\"wp-block-list\">\n<li>Combo de equipamentos para Unidades B\u00e1sicas de Sa\u00fade (73)<\/li>\n\n\n\n<li>Kits de equipamentos para teleconsulta (72)<\/li>\n\n\n\n<li>Aquisi\u00e7\u00e3o de Unidades Odontol\u00f3gicas M\u00f3veis (63)<\/li>\n\n\n\n<li>Constru\u00e7\u00e3o de UBS (49)<\/li>\n\n\n\n<li>Centros de Aten\u00e7\u00e3o Psicossocial (24)<\/li>\n\n\n\n<li>Policl\u00ednicas (5)<\/li>\n\n\n\n<li>Expans\u00e3o\/amplia\u00e7\u00e3o de ambul\u00e2ncias do Samu (1)<\/li>\n<\/ul>\n\n\n\n<p><strong>CIDADES SUSTENT\u00c1VEIS E RESILIENTES<\/strong><\/p>\n\n\n\n<ul class=\"wp-block-list\">\n<li>Preven\u00e7\u00e3o a Desastres Naturais: Drenagem Urbana (4)<\/li>\n\n\n\n<li>Periferia Viva &#8211; Urbaniza\u00e7\u00e3o de Favelas (2)<\/li>\n\n\n\n<li>Preven\u00e7\u00e3o a Desastres Naturais: Conten\u00e7\u00e3o de Encostas (1)<\/li>\n\n\n\n<li>Esgotamento Sanit\u00e1rio (1)<\/li>\n<\/ul>\n\n\n\n<p><strong>EDUCA\u00c7\u00c3O, CI\u00caNCIA E TECNOLOGIA<\/strong><\/p>\n\n\n\n<ul class=\"wp-block-list\">\n<li>Caminho da Escola &#8211; Transporte Escolar (71)<\/li>\n\n\n\n<li>Creches e Escolas de Educa\u00e7\u00e3o Infantil (43)<\/li>\n<\/ul>\n\n\n\n<p><strong>INFRAESTRUTURA SOCIAL E INCLUSIVA<\/strong><\/p>\n\n\n\n<ul class=\"wp-block-list\">\n<li>Espa\u00e7os Esportivos Comunit\u00e1rios (67)<\/li>\n<\/ul>\n\n\n\n<p><em>Fonte: Secretaria de Comunica\u00e7\u00e3o Social da Presid\u00eancia da Rep\u00fablica &#8211; <\/em>Foto: Tomaz Silva \/ Ag\u00eancia Brasil<\/p>\n","protected":false},"excerpt":{"rendered":"<p>Segunda edi\u00e7\u00e3o recebeu mais de 35 mil projetos de 5.537 munic\u00edpios brasileiros O Governo Federal recebeu 35.119 propostas para a segunda edi\u00e7\u00e3o do Novo PAC Sele\u00e7\u00f5es 2025, enviadas por 5.537 munic\u00edpios \u2014 um total que corresponde a 99,4% das cidades do pa\u00eds. Os projetos foram encaminhados por gestores e gestoras entre 24 de fevereiro e [&hellip;]<\/p>\n","protected":false},"author":2,"featured_media":2917,"comment_status":"open","ping_status":"open","sticky":false,"template":"","format":"standard","meta":{"footnotes":""},"categories":[11,6,7],"tags":[],"class_list":["post-2916","post","type-post","status-publish","format-standard","has-post-thumbnail","hentry","category-destaque","category-letreiro","category-sergipe"],"_links":{"self":[{"href":"https:\/\/espacolivresergipe.com.br\/index.php\/wp-json\/wp\/v2\/posts\/2916","targetHints":{"allow":["GET"]}}],"collection":[{"href":"https:\/\/espacolivresergipe.com.br\/index.php\/wp-json\/wp\/v2\/posts"}],"about":[{"href":"https:\/\/espacolivresergipe.com.br\/index.php\/wp-json\/wp\/v2\/types\/post"}],"author":[{"embeddable":true,"href":"https:\/\/espacolivresergipe.com.br\/index.php\/wp-json\/wp\/v2\/users\/2"}],"replies":[{"embeddable":true,"href":"https:\/\/espacolivresergipe.com.br\/index.php\/wp-json\/wp\/v2\/comments?post=2916"}],"version-history":[{"count":1,"href":"https:\/\/espacolivresergipe.com.br\/index.php\/wp-json\/wp\/v2\/posts\/2916\/revisions"}],"predecessor-version":[{"id":2918,"href":"https:\/\/espacolivresergipe.com.br\/index.php\/wp-json\/wp\/v2\/posts\/2916\/revisions\/2918"}],"wp:featuredmedia":[{"embeddable":true,"href":"https:\/\/espacolivresergipe.com.br\/index.php\/wp-json\/wp\/v2\/media\/2917"}],"wp:attachment":[{"href":"https:\/\/espacolivresergipe.com.br\/index.php\/wp-json\/wp\/v2\/media?parent=2916"}],"wp:term":[{"taxonomy":"category","embeddable":true,"href":"https:\/\/espacolivresergipe.com.br\/index.php\/wp-json\/wp\/v2\/categories?post=2916"},{"taxonomy":"post_tag","embeddable":true,"href":"https:\/\/espacolivresergipe.com.br\/index.php\/wp-json\/wp\/v2\/tags?post=2916"}],"curies":[{"name":"wp","href":"https:\/\/api.w.org\/{rel}","templated":true}]}}