{"id":2929,"date":"2025-04-04T16:57:02","date_gmt":"2025-04-04T19:57:02","guid":{"rendered":"https:\/\/espacolivresergipe.com.br\/?p=2929"},"modified":"2025-04-04T16:57:03","modified_gmt":"2025-04-04T19:57:03","slug":"governo-de-sergipe-recebe-ministro-da-educacao-para-solenidade-de-1-ano-do-programa-pe-de-meia","status":"publish","type":"post","link":"https:\/\/espacolivresergipe.com.br\/index.php\/2025\/04\/04\/governo-de-sergipe-recebe-ministro-da-educacao-para-solenidade-de-1-ano-do-programa-pe-de-meia\/","title":{"rendered":"Governo de Sergipe recebe ministro da Educa\u00e7\u00e3o para solenidade de 1 ano do programa P\u00e9-de-Meia"},"content":{"rendered":"\n<p>O Governo de Sergipe, por meio da Secretaria de Estado da Educa\u00e7\u00e3o (Seed), e o Minist\u00e9rio da Educa\u00e7\u00e3o realizam na pr\u00f3xima ter\u00e7a-feira, 8, a solenidade de celebra\u00e7\u00e3o de 1 ano do programa P\u00e9-de-Meia, a assinatura do contrato de 6 mil alunos da rede estadual participantes do programa Estudante Monitor e a assinatura da ordem de servi\u00e7o para a constru\u00e7\u00e3o de dez creches do Programa de Apoio aos Munic\u00edpios para a Expans\u00e3o da Educa\u00e7\u00e3o Infantil (Ameei). O evento acontecer\u00e1 no Centro de Excel\u00eancia John Kennedy, no bairro Get\u00falio Vargas, em Aracaju, \u00e0s 8h30.<\/p>\n\n\n\n<p>A solenidade contar\u00e1 com a presen\u00e7a do governador F\u00e1bio Mitidieri, do ministro da Educa\u00e7\u00e3o, Camilo Santana, do ministro de Estado da Secretaria-Geral da Presid\u00eancia da Rep\u00fablica, M\u00e1rcio Macedo, do vice-governador e secret\u00e1rio de Estado da Educa\u00e7\u00e3o, Zezinho Sobral, alunos benefici\u00e1rios dos programas, professores e diretores Regionais de Educa\u00e7\u00e3o.<\/p>\n\n\n\n<p>O P\u00e9-de-Meia \u00e9 um programa de incentivo financeiro-educacional para estudantes matriculados no ensino m\u00e9dio p\u00fablico benefici\u00e1rios do Cadastro \u00danico para Programas Sociais do Governo Federal (Cad\u00danico). O programa funciona como uma poupan\u00e7a para promover a perman\u00eancia e a conclus\u00e3o escolar de estudantes nessa etapa de ensino. O objetivo \u00e9 democratizar o acesso e reduzir a desigualdade social, fomentar a inclus\u00e3o educacional e a mobilidade social.<\/p>\n\n\n\n<p>Em Sergipe, a execu\u00e7\u00e3o do P\u00e9-de-Meia \u00e9 coordenada pela Secretaria de Estado da Educa\u00e7\u00e3o, em parceria com as Diretorias de Educa\u00e7\u00e3o e suas respectivas unidades escolares que ofertam Ensino M\u00e9dio e Educa\u00e7\u00e3o de Jovens e Adultos (Ejaem) respons\u00e1veis pela gest\u00e3o do Programa no \u00e2mbito do Estado. S\u00e3o 58.982 estudantes eleg\u00edveis ao programa que estudam no ensino m\u00e9dio e na modalidade Ejaem. Desde a implementa\u00e7\u00e3o, o programa apresenta resultados positivos, como diminui\u00e7\u00e3o das taxas de abandono no ensino m\u00e9dio em regi\u00f5es com vulnerabilidade socioecon\u00f4mica; aumento da conclus\u00e3o do ensino m\u00e9dio e impacto na vida dos jovens.<\/p>\n\n\n\n<p>Ao comprovar matr\u00edcula e frequ\u00eancia, o estudante recebe o pagamento de incentivos mensais no valor de R$ 200,00. No caso do Ejaem, ao comprovar matr\u00edcula, o incentivo \u00e9 de R$ 200,00, al\u00e9m de incentivos de R$ 225,00 pela frequ\u00eancia. O benefici\u00e1rio ainda recebe R$ 1.000 ao final de cada ano conclu\u00eddo, que s\u00f3 podem ser retirados da poupan\u00e7a ap\u00f3s a formatura no ensino m\u00e9dio. Considerando as parcelas de incentivo, os dep\u00f3sitos anuais e o adicional de R$ 200,00 pela participa\u00e7\u00e3o no Exame Nacional do Ensino M\u00e9dio (Enem), os valores chegam a R$ 9.200 por aluno.<\/p>\n\n\n\n<p>Estudante Monitor<\/p>\n\n\n\n<p>O Programa de Monitoria Estudantil para a Educa\u00e7\u00e3o B\u00e1sica (Estudante Monitor) tem como finalidade colaborar para a redu\u00e7\u00e3o da evas\u00e3o escolar, da reprova\u00e7\u00e3o, do abandono e distor\u00e7\u00e3o idade\/s\u00e9rie. Tamb\u00e9m potencializa o desempenho dos estudantes em todos os n\u00edveis e modalidades de ensino da educa\u00e7\u00e3o b\u00e1sica, fortalecendo o protagonismo na comunidade escolar.<\/p>\n\n\n\n<p>O programa conta com dois eixos: Monitoria em Desempenho Escolar e Monitoria em Busca Ativa e Transporte Escolar. O Governo de Sergipe investe R$ 30 milh\u00f5es por ano no programa. Para a edi\u00e7\u00e3o de 2025 s\u00e3o 1.500 vagas de Monitoria em Busca Ativa e Transporte Escolar e 4.500 vagas de Monitoria em Desempenho Escolar. Os jovens recebem bolsa de R$ 250,00, mais aux\u00edlio transporte no valor de R$ 189,00, perfazendo o total de R$ 439,00. \u00c9 mais uma pol\u00edtica p\u00fablica do Governo de Sergipe que d\u00e1 certo para combater a evas\u00e3o escolar, potencializa o desempenho dos estudantes da rede estadual e consolida a forma\u00e7\u00e3o cidad\u00e3 dos alunos.<\/p>\n\n\n\n<p>Ameei<\/p>\n\n\n\n<p>O Programa de Apoio aos Munic\u00edpios para Expans\u00e3o da Educa\u00e7\u00e3o Infantil (Ameei) tem o objetivo de apoiar os munic\u00edpios no cumprimento de suas metas de expans\u00e3o da Educa\u00e7\u00e3o Infantil, respeitando a autonomia e as peculiaridades locais, por meio do Regime de Colabora\u00e7\u00e3o, visando contribuir para o cumprimento do Plano Estadual de Educa\u00e7\u00e3o, a qual busca universalizar a pr\u00e9-escola para crian\u00e7as de 4 e 5 anos e ampliar a oferta de creches para aquelas de 0 a 3 anos.<\/p>\n\n\n\n<p>O Ameei integra a pol\u00edtica estadual da primeira inf\u00e2ncia (Ser Crian\u00e7a), da Secretaria de Estado da Assist\u00eancia Social e Cidadania (Seasic). Tem como foco atender \u00e0 crescente demanda por uma educa\u00e7\u00e3o inclusiva e de qualidade, com a constru\u00e7\u00e3o de 75 creches-escolas, promovendo um impacto positivo para as crian\u00e7as e suas fam\u00edlias. Com um investimento de R$ 5,1 milh\u00f5es em infraestrutura e R$ 300 mil em mobili\u00e1rio, as creches do tipo 1 ter\u00e3o capacidade para atender a 216 crian\u00e7as. J\u00e1 as creches do tipo 2, com R$ 3,2 milh\u00f5es para obras e R$ 200 mil para mobili\u00e1rio, atender\u00e3o at\u00e9 158 crian\u00e7as.<\/p>\n\n\n\n<p>Na agenda da pr\u00f3xima ter\u00e7a-feira, ser\u00e1 assinada a ordem de servi\u00e7o para a constru\u00e7\u00e3o de creches tipo 1 nos munic\u00edpios de Aracaju, Lagarto, Boquim, Propri\u00e1, Campo do Brito, Indiaroba, Carira, Muribeca, Laranjeiras e Feira Nova, com investimento total na ordem de R$ 49.365.491,90. O investimento por creche \u00e9 de R$ 4.936.549,19.<\/p>\n\n\n\n<p>No munic\u00edpio de Monte Alegre, j\u00e1 est\u00e1 em andamento a constru\u00e7\u00e3o da creche tipo 2, no valor de R$ 3.251.718,73. A creche ter\u00e1 capacidade para atender 132 crian\u00e7as e contar\u00e1 com seis salas de aula.<\/p>\n\n\n\n<p>O foco do governo \u00e9 fortalecer a educa\u00e7\u00e3o infantil e garantir que cada crian\u00e7a tenha um espa\u00e7o de aprendizado seguro e acolhedor, assegurando a forma\u00e7\u00e3o desde os primeiros anos de vida. Com o Ameei, os munic\u00edpios ter\u00e3o mais autonomia e qualificar\u00e3o a educa\u00e7\u00e3o p\u00fablica desde a base. As novas creches-escolas foram projetadas para atender \u00e0s necessidades de acessibilidade, seguran\u00e7a e modernidade, proporcionando um ambiente adequado para o aprendizado e o desenvolvimento. Al\u00e9m disso, s\u00e3o oferecidos materiais did\u00e1ticos e forma\u00e7\u00e3o continuada para professores e demais profissionais.<\/p>\n","protected":false},"excerpt":{"rendered":"<p>O Governo de Sergipe, por meio da Secretaria de Estado da Educa\u00e7\u00e3o (Seed), e o Minist\u00e9rio da Educa\u00e7\u00e3o realizam na pr\u00f3xima ter\u00e7a-feira, 8, a solenidade de celebra\u00e7\u00e3o de 1 ano do programa P\u00e9-de-Meia, a assinatura do contrato de 6 mil alunos da rede estadual participantes do programa Estudante Monitor e a assinatura da ordem de [&hellip;]<\/p>\n","protected":false},"author":2,"featured_media":2930,"comment_status":"open","ping_status":"open","sticky":false,"template":"","format":"standard","meta":{"footnotes":""},"categories":[13,2],"tags":[],"class_list":["post-2929","post","type-post","status-publish","format-standard","has-post-thumbnail","hentry","category-acontece","category-politica"],"_links":{"self":[{"href":"https:\/\/espacolivresergipe.com.br\/index.php\/wp-json\/wp\/v2\/posts\/2929","targetHints":{"allow":["GET"]}}],"collection":[{"href":"https:\/\/espacolivresergipe.com.br\/index.php\/wp-json\/wp\/v2\/posts"}],"about":[{"href":"https:\/\/espacolivresergipe.com.br\/index.php\/wp-json\/wp\/v2\/types\/post"}],"author":[{"embeddable":true,"href":"https:\/\/espacolivresergipe.com.br\/index.php\/wp-json\/wp\/v2\/users\/2"}],"replies":[{"embeddable":true,"href":"https:\/\/espacolivresergipe.com.br\/index.php\/wp-json\/wp\/v2\/comments?post=2929"}],"version-history":[{"count":1,"href":"https:\/\/espacolivresergipe.com.br\/index.php\/wp-json\/wp\/v2\/posts\/2929\/revisions"}],"predecessor-version":[{"id":2931,"href":"https:\/\/espacolivresergipe.com.br\/index.php\/wp-json\/wp\/v2\/posts\/2929\/revisions\/2931"}],"wp:featuredmedia":[{"embeddable":true,"href":"https:\/\/espacolivresergipe.com.br\/index.php\/wp-json\/wp\/v2\/media\/2930"}],"wp:attachment":[{"href":"https:\/\/espacolivresergipe.com.br\/index.php\/wp-json\/wp\/v2\/media?parent=2929"}],"wp:term":[{"taxonomy":"category","embeddable":true,"href":"https:\/\/espacolivresergipe.com.br\/index.php\/wp-json\/wp\/v2\/categories?post=2929"},{"taxonomy":"post_tag","embeddable":true,"href":"https:\/\/espacolivresergipe.com.br\/index.php\/wp-json\/wp\/v2\/tags?post=2929"}],"curies":[{"name":"wp","href":"https:\/\/api.w.org\/{rel}","templated":true}]}}