{"id":2966,"date":"2025-04-05T07:39:05","date_gmt":"2025-04-05T10:39:05","guid":{"rendered":"https:\/\/espacolivresergipe.com.br\/?p=2966"},"modified":"2025-04-05T07:39:06","modified_gmt":"2025-04-05T10:39:06","slug":"seplan-apresenta-projetos-de-atualizacao-de-limites-e-transformacao-digital","status":"publish","type":"post","link":"https:\/\/espacolivresergipe.com.br\/index.php\/2025\/04\/05\/seplan-apresenta-projetos-de-atualizacao-de-limites-e-transformacao-digital\/","title":{"rendered":"Seplan apresenta projetos de atualiza\u00e7\u00e3o de limites e transforma\u00e7\u00e3o digital"},"content":{"rendered":"\n<p>A Secretaria Especial de Planejamento, Or\u00e7amento e Inova\u00e7\u00e3o (Seplan) apresentou nesta sexta-feira, 4, o trabalho de atualiza\u00e7\u00e3o dos limites municipais realizado por meio da subsecretaria de Desenvolvimento Regional e Gest\u00e3o Metropolitana (SDR), com parceria do Instituto Brasileiro de Geografia e Estat\u00edstica (IBGE).<\/p>\n\n\n\n<p>A apresenta\u00e7\u00e3o ocorreu durante a Etapa Sergipe do 31\u00ba F\u00f3rum Regional de Fortalecimento da Rede de Parcerias.<\/p>\n\n\n\n<p>O evento, que teve in\u00edcio na \u00faltima quinta-feira, 3, \u00e9 promovido pela Secretaria Especial de Representa\u00e7\u00e3o de Sergipe em Bras\u00edlia (Serese), em parceria com o Minist\u00e9rio da Gest\u00e3o e da Inova\u00e7\u00e3o em Servi\u00e7os P\u00fablicos (MGI). Tamb\u00e9m durante o F\u00f3rum, a Seplan, representada pela Empresa Sergipana de Tecnologia da Informa\u00e7\u00e3o (Emgetis), apresentou um painel sobre Transforma\u00e7\u00e3o Digital, mostrando os projetos do Estado na \u00e1rea.<\/p>\n\n\n\n<p>\u201cApresentamos o Projeto de Atualiza\u00e7\u00e3o dos Limites Municipais, que foi criado em 2017. Com a recria\u00e7\u00e3o da Seplan em 2024, esse trabalho foi absorvido por n\u00f3s. Ele trata sobre atualizar a base cartogr\u00e1fica do estado, reduzindo conflitos entre munic\u00edpios, garantindo seguran\u00e7a jur\u00eddica para gestores municipais e trazendo o desenvolvimento regional de maneira ampla, sustent\u00e1vel, precisa e georreferenciada\u201d, explicou a subsecret\u00e1ria da SDR, Danilla Andrade.<\/p>\n\n\n\n<p>O objetivo do f\u00f3rum \u00e9 promover maior di\u00e1logo e aproxima\u00e7\u00e3o entre integrantes da Rede de Parcerias, reunindo atores de diversas esferas do governo envolvidos na tem\u00e1tica \u2018transfer\u00eancias de recursos e parcerias da Uni\u00e3o\u2019, com vistas ao fortalecimento da governan\u00e7a, do di\u00e1logo e da gest\u00e3o. Ele tamb\u00e9m visa a melhoria do gasto p\u00fablico e maior efetividade das pol\u00edticas p\u00fablicas implementadas para o cidad\u00e3o da regi\u00e3o.<\/p>\n\n\n\n<p>Para o secret\u00e1rio da Seplan, Julio Filgueira, que representou o governador F\u00e1bio Mitidieri no evento, a iniciativa \u00e9 fundamental para promover maior ader\u00eancia dos estados e munic\u00edpios \u00e0s iniciativas que foquem em governan\u00e7a colaborativa, com destaque para inova\u00e7\u00e3o.<\/p>\n\n\n\n<p>\u201c\u00c9 uma governan\u00e7a colaborativa que re\u00fane boas pr\u00e1ticas, diretrizes e uma gama daquilo que h\u00e1 de melhor na administra\u00e7\u00e3o e gest\u00e3o p\u00fablica. Para n\u00f3s do Governo do Estado, \u00e9 uma honra receber este evento pela segunda vez, pois temos convic\u00e7\u00e3o de que \u00e9 preciso que estados e munic\u00edpios avancem e que o Governo Federal possa ser indutor de mais inova\u00e7\u00e3o na administra\u00e7\u00e3o p\u00fablica, com foco no resultado que a gente espera\u201d, complementou o secret\u00e1rio.<\/p>\n\n\n\n<p>Durante o evento, o Governo do Estado, por meio da Seplan e da Emgetis, assinou tamb\u00e9m um ato simb\u00f3lico<em>&nbsp;<a href=\"https:\/\/www.se.gov.br\/link\/DEiCUMed2x2hzfTErFOJ\">de ades\u00e3o ao Programa Nacional de Processo Eletr\u00f4nico (ProPEN)<\/a>,<\/em> com objetivo de avan\u00e7ar na transforma\u00e7\u00e3o digital da gest\u00e3o p\u00fablica.<\/p>\n\n\n\n<p>Foto: Robert Silva\/Seplan<\/p>\n","protected":false},"excerpt":{"rendered":"<p>A Secretaria Especial de Planejamento, Or\u00e7amento e Inova\u00e7\u00e3o (Seplan) apresentou nesta sexta-feira, 4, o trabalho de atualiza\u00e7\u00e3o dos limites municipais realizado por meio da subsecretaria de Desenvolvimento Regional e Gest\u00e3o Metropolitana (SDR), com parceria do Instituto Brasileiro de Geografia e Estat\u00edstica (IBGE). A apresenta\u00e7\u00e3o ocorreu durante a Etapa Sergipe do 31\u00ba F\u00f3rum Regional de Fortalecimento [&hellip;]<\/p>\n","protected":false},"author":2,"featured_media":2967,"comment_status":"open","ping_status":"open","sticky":false,"template":"","format":"standard","meta":{"footnotes":""},"categories":[13,4],"tags":[],"class_list":["post-2966","post","type-post","status-publish","format-standard","has-post-thumbnail","hentry","category-acontece","category-economia"],"_links":{"self":[{"href":"https:\/\/espacolivresergipe.com.br\/index.php\/wp-json\/wp\/v2\/posts\/2966","targetHints":{"allow":["GET"]}}],"collection":[{"href":"https:\/\/espacolivresergipe.com.br\/index.php\/wp-json\/wp\/v2\/posts"}],"about":[{"href":"https:\/\/espacolivresergipe.com.br\/index.php\/wp-json\/wp\/v2\/types\/post"}],"author":[{"embeddable":true,"href":"https:\/\/espacolivresergipe.com.br\/index.php\/wp-json\/wp\/v2\/users\/2"}],"replies":[{"embeddable":true,"href":"https:\/\/espacolivresergipe.com.br\/index.php\/wp-json\/wp\/v2\/comments?post=2966"}],"version-history":[{"count":1,"href":"https:\/\/espacolivresergipe.com.br\/index.php\/wp-json\/wp\/v2\/posts\/2966\/revisions"}],"predecessor-version":[{"id":2968,"href":"https:\/\/espacolivresergipe.com.br\/index.php\/wp-json\/wp\/v2\/posts\/2966\/revisions\/2968"}],"wp:featuredmedia":[{"embeddable":true,"href":"https:\/\/espacolivresergipe.com.br\/index.php\/wp-json\/wp\/v2\/media\/2967"}],"wp:attachment":[{"href":"https:\/\/espacolivresergipe.com.br\/index.php\/wp-json\/wp\/v2\/media?parent=2966"}],"wp:term":[{"taxonomy":"category","embeddable":true,"href":"https:\/\/espacolivresergipe.com.br\/index.php\/wp-json\/wp\/v2\/categories?post=2966"},{"taxonomy":"post_tag","embeddable":true,"href":"https:\/\/espacolivresergipe.com.br\/index.php\/wp-json\/wp\/v2\/tags?post=2966"}],"curies":[{"name":"wp","href":"https:\/\/api.w.org\/{rel}","templated":true}]}}