{"id":2991,"date":"2025-04-05T12:28:16","date_gmt":"2025-04-05T15:28:16","guid":{"rendered":"https:\/\/espacolivresergipe.com.br\/?p=2991"},"modified":"2025-04-05T12:28:17","modified_gmt":"2025-04-05T15:28:17","slug":"prefeitura-de-aracaju-convoca-255-profissionais-da-saude-aprovados-no-pss-2023","status":"publish","type":"post","link":"https:\/\/espacolivresergipe.com.br\/index.php\/2025\/04\/05\/prefeitura-de-aracaju-convoca-255-profissionais-da-saude-aprovados-no-pss-2023\/","title":{"rendered":"Prefeitura de Aracaju convoca 255 profissionais da Sa\u00fade aprovados no PSS 2023"},"content":{"rendered":"\n<p>Os profissionais refor\u00e7ar\u00e3o unidades b\u00e1sicas, especializadas e servi\u00e7os de aten\u00e7\u00e3o espec\u00edfica, conforme a demanda da Secretaria Municipal da Sa\u00fade.<\/p>\n\n\n\n<p>Como parte do fortalecimento da rede municipal de sa\u00fade, a Prefeitura de Aracaju publicou, na noite da \u00faltima sexta-feira (4), no Di\u00e1rio Oficial do Munic\u00edpio, a convoca\u00e7\u00e3o de 255 profissionais aprovados no Processo Seletivo P\u00fablico Simplificado (PSS) 2023. O objetivo \u00e9 ampliar e qualificar o atendimento prestado \u00e0 popula\u00e7\u00e3o nas unidades de sa\u00fade da capital.<\/p>\n\n\n\n<p>Foram convocados 53 enfermeiros, 97 t\u00e9cnicos de enfermagem, 17 farmac\u00eauticos, 9 cirurgi\u00f5es-dentistas, 4 auxiliares de sa\u00fade bucal, 10 profissionais de Educa\u00e7\u00e3o F\u00edsica, 2 fisioterapeutas, 1 terapeuta ocupacional, 4 fonoaudi\u00f3logos, 1 psic\u00f3logo, 1 oficineiro, 6 profissionais de Redu\u00e7\u00e3o de Danos, 1 nutricionista e 49 atendentes de estabelecimentos de sa\u00fade.<\/p>\n\n\n\n<p>Os candidatos convocados devem comparecer \u00e0 inspe\u00e7\u00e3o de sa\u00fade, que ser\u00e1 realizada de 7 a 10 de abril de 2025, no Centro M\u00e9dico do Trabalhador, situado na Rua Bahia, n\u00ba 1429, bairro Siqueira Campos. Durante essa etapa, ser\u00e3o feitos a avalia\u00e7\u00e3o cl\u00ednica e os exames laboratoriais: HBSAG, ANTIHBSAG e ANTIHCV. O n\u00e3o comparecimento dentro do prazo implicar\u00e1 na elimina\u00e7\u00e3o do candidato, conforme previsto no edital n\u00ba 01\/2023.<\/p>\n\n\n\n<p>A entrega da documenta\u00e7\u00e3o dever\u00e1 ser feita de 22 a 24 de abril de 2025, por meio da plataforma ajuinteligente.aracaju.se.gov.br, buscando pelo item CONVOCA\u00c7\u00c3O SMS EDITAL N\u00ba 32\/2025. A convoca\u00e7\u00e3o faz parte do cronograma de execu\u00e7\u00e3o do PSS 2023 e tem como finalidade suprir necessidades identificadas na rede municipal de sa\u00fade.<\/p>\n\n\n\n<p>Os profissionais ir\u00e3o atuar em unidades b\u00e1sicas, especializadas e em servi\u00e7os de aten\u00e7\u00e3o espec\u00edfica, conforme a demanda da Secretaria Municipal da Sa\u00fade (SMS). A medida visa assegurar a continuidade dos servi\u00e7os e atender \u00e0 popula\u00e7\u00e3o com maior efici\u00eancia e cobertura.<\/p>\n\n\n\n<p>Por Ascom\/SMS<\/p>\n","protected":false},"excerpt":{"rendered":"<p>Os profissionais refor\u00e7ar\u00e3o unidades b\u00e1sicas, especializadas e servi\u00e7os de aten\u00e7\u00e3o espec\u00edfica, conforme a demanda da Secretaria Municipal da Sa\u00fade. Como parte do fortalecimento da rede municipal de sa\u00fade, a Prefeitura de Aracaju publicou, na noite da \u00faltima sexta-feira (4), no Di\u00e1rio Oficial do Munic\u00edpio, a convoca\u00e7\u00e3o de 255 profissionais aprovados no Processo Seletivo P\u00fablico Simplificado [&hellip;]<\/p>\n","protected":false},"author":2,"featured_media":2992,"comment_status":"open","ping_status":"open","sticky":false,"template":"","format":"standard","meta":{"footnotes":""},"categories":[12,6,8],"tags":[],"class_list":["post-2991","post","type-post","status-publish","format-standard","has-post-thumbnail","hentry","category-agora","category-letreiro","category-saude"],"_links":{"self":[{"href":"https:\/\/espacolivresergipe.com.br\/index.php\/wp-json\/wp\/v2\/posts\/2991","targetHints":{"allow":["GET"]}}],"collection":[{"href":"https:\/\/espacolivresergipe.com.br\/index.php\/wp-json\/wp\/v2\/posts"}],"about":[{"href":"https:\/\/espacolivresergipe.com.br\/index.php\/wp-json\/wp\/v2\/types\/post"}],"author":[{"embeddable":true,"href":"https:\/\/espacolivresergipe.com.br\/index.php\/wp-json\/wp\/v2\/users\/2"}],"replies":[{"embeddable":true,"href":"https:\/\/espacolivresergipe.com.br\/index.php\/wp-json\/wp\/v2\/comments?post=2991"}],"version-history":[{"count":1,"href":"https:\/\/espacolivresergipe.com.br\/index.php\/wp-json\/wp\/v2\/posts\/2991\/revisions"}],"predecessor-version":[{"id":2993,"href":"https:\/\/espacolivresergipe.com.br\/index.php\/wp-json\/wp\/v2\/posts\/2991\/revisions\/2993"}],"wp:featuredmedia":[{"embeddable":true,"href":"https:\/\/espacolivresergipe.com.br\/index.php\/wp-json\/wp\/v2\/media\/2992"}],"wp:attachment":[{"href":"https:\/\/espacolivresergipe.com.br\/index.php\/wp-json\/wp\/v2\/media?parent=2991"}],"wp:term":[{"taxonomy":"category","embeddable":true,"href":"https:\/\/espacolivresergipe.com.br\/index.php\/wp-json\/wp\/v2\/categories?post=2991"},{"taxonomy":"post_tag","embeddable":true,"href":"https:\/\/espacolivresergipe.com.br\/index.php\/wp-json\/wp\/v2\/tags?post=2991"}],"curies":[{"name":"wp","href":"https:\/\/api.w.org\/{rel}","templated":true}]}}