{"id":3658,"date":"2025-04-11T06:48:03","date_gmt":"2025-04-11T09:48:03","guid":{"rendered":"https:\/\/espacolivresergipe.com.br\/?p=3658"},"modified":"2025-04-11T06:48:04","modified_gmt":"2025-04-11T09:48:04","slug":"sergipe-avanca-na-reducao-da-desigualdade-salarial-e-sobe-12-posicoes-no-ranking-nacional-do-indice-de-gini","status":"publish","type":"post","link":"https:\/\/espacolivresergipe.com.br\/index.php\/2025\/04\/11\/sergipe-avanca-na-reducao-da-desigualdade-salarial-e-sobe-12-posicoes-no-ranking-nacional-do-indice-de-gini\/","title":{"rendered":"Sergipe avan\u00e7a na redu\u00e7\u00e3o da desigualdade salarial e sobe 12 posi\u00e7\u00f5es no ranking nacional do \u00cdndice de Gini"},"content":{"rendered":"\n<p>Com pol\u00edticas p\u00fablicas de qualifica\u00e7\u00e3o e gera\u00e7\u00e3o de empregos, estado registra queda hist\u00f3rica<\/p>\n\n\n\n<p>Sergipe apresenta avan\u00e7os significativos na redu\u00e7\u00e3o das desigualdades de renda. \u00c9 o que mostram os dados da Rela\u00e7\u00e3o Anual de Informa\u00e7\u00f5es Sociais (Rais) divulgados pelo Minist\u00e9rio do Trabalho e Emprego no final de mar\u00e7o e analisados pelo Observat\u00f3rio do Trabalho, vinculado \u00e0 Secretaria de Estado do Trabalho, Emprego e Empreendedorismo (Seteem). Segundo a pesquisa, em dois anos, o estado saiu da 23\u00aa para a 11\u00aa posi\u00e7\u00e3o no ranking nacional do \u00cdndice de Gini, dado que aponta os estados com distribui\u00e7\u00e3o de renda mais equitativa no pa\u00eds.<\/p>\n\n\n\n<p>Em 2022, o estado ocupava a 23\u00aa posi\u00e7\u00e3o no ranking nacional do \u00cdndice de Gini, com um valor de 0,455. J\u00e1 em 2023, o \u00edndice caiu para 0,355, elevando o estado para a 13\u00aa coloca\u00e7\u00e3o. Em 2024, de acordo com a pesquisa mais recente, Sergipe alcan\u00e7ou um \u00cdndice de Gini de 0,348 \u2014 uma redu\u00e7\u00e3o de 2% em rela\u00e7\u00e3o ao ano anterior \u2014 e subiu para a 11\u00aa posi\u00e7\u00e3o no ranking nacional.<\/p>\n\n\n\n<p>O \u00edndice de Gini \u00e9 uma medida de desigualdade que varia de 0 (perfeita igualdade) a 1 (desigualdade m\u00e1xima). No contexto da Rais, que \u00e9 uma base de dados do governo brasileiro sobre v\u00ednculos empregat\u00edcios formais, o \u00edndice de Gini \u00e9 usado para medir a desigualdade salarial entre os trabalhadores registrados.<\/p>\n\n\n\n<p>O resultado coloca o estado bem abaixo da m\u00e9dia brasileira, que \u00e9 de 0,418, e indica uma expressiva queda na desigualdade salarial. \u201cEsse avan\u00e7o mostra que a renda est\u00e1 sendo distribu\u00edda de forma mais equilibrada entre a popula\u00e7\u00e3o, refletindo os impactos positivos de pol\u00edticas p\u00fablicas voltadas para inclus\u00e3o, empregabilidade e fortalecimento da economia local\u201d, destaca o secret\u00e1rio de Estado do Trabalho, Emprego e Empreendedorismo, Jorge Teles.<\/p>\n\n\n\n<p>Iniciativas como o Qualifica Sergipe e o Programa Primeiro Emprego t\u00eam ampliado o acesso da popula\u00e7\u00e3o a cursos t\u00e9cnicos e profissionalizantes, especialmente nas \u00e1reas de maior demanda do mercado local. Isso contribui para a melhora da empregabilidade e permite que trabalhadores conquistem melhores sal\u00e1rios. O Governo do Estado tamb\u00e9m tem investido em pol\u00edticas voltadas \u00e0 atra\u00e7\u00e3o de empresas, a exemplo do grupo supermercadista Atakarejo, o que tem gerado empregos formais em setores estrat\u00e9gicos como o de com\u00e9rcio, o que impacta positivamente a massa salarial da popula\u00e7\u00e3o empregada.<\/p>\n\n\n\n<p>Remunera\u00e7\u00e3o m\u00e9dia<\/p>\n\n\n\n<p>Ainda segundo a Rais, a remunera\u00e7\u00e3o real m\u00e9dia do sergipano ficou em R$ 2.583,43. O resultado positivo \u00e9 puxado pelo setor da Ind\u00fastria, que apresentou sal\u00e1rio m\u00e9dio de R$ 3.117,45, e pelo setor de servi\u00e7os, que abriga a maior parte dos trabalhadores sergipanos e apresentou remunera\u00e7\u00e3o m\u00e9dia de R$ 2.650,26<\/p>\n\n\n\n<p>Foto: Ascom\/ Seteem<\/p>\n","protected":false},"excerpt":{"rendered":"<p>Com pol\u00edticas p\u00fablicas de qualifica\u00e7\u00e3o e gera\u00e7\u00e3o de empregos, estado registra queda hist\u00f3rica Sergipe apresenta avan\u00e7os significativos na redu\u00e7\u00e3o das desigualdades de renda. \u00c9 o que mostram os dados da Rela\u00e7\u00e3o Anual de Informa\u00e7\u00f5es Sociais (Rais) divulgados pelo Minist\u00e9rio do Trabalho e Emprego no final de mar\u00e7o e analisados pelo Observat\u00f3rio do Trabalho, vinculado \u00e0 [&hellip;]<\/p>\n","protected":false},"author":2,"featured_media":3659,"comment_status":"open","ping_status":"open","sticky":false,"template":"","format":"standard","meta":{"footnotes":""},"categories":[11,6,2],"tags":[],"class_list":["post-3658","post","type-post","status-publish","format-standard","has-post-thumbnail","hentry","category-destaque","category-letreiro","category-politica"],"_links":{"self":[{"href":"https:\/\/espacolivresergipe.com.br\/index.php\/wp-json\/wp\/v2\/posts\/3658","targetHints":{"allow":["GET"]}}],"collection":[{"href":"https:\/\/espacolivresergipe.com.br\/index.php\/wp-json\/wp\/v2\/posts"}],"about":[{"href":"https:\/\/espacolivresergipe.com.br\/index.php\/wp-json\/wp\/v2\/types\/post"}],"author":[{"embeddable":true,"href":"https:\/\/espacolivresergipe.com.br\/index.php\/wp-json\/wp\/v2\/users\/2"}],"replies":[{"embeddable":true,"href":"https:\/\/espacolivresergipe.com.br\/index.php\/wp-json\/wp\/v2\/comments?post=3658"}],"version-history":[{"count":1,"href":"https:\/\/espacolivresergipe.com.br\/index.php\/wp-json\/wp\/v2\/posts\/3658\/revisions"}],"predecessor-version":[{"id":3660,"href":"https:\/\/espacolivresergipe.com.br\/index.php\/wp-json\/wp\/v2\/posts\/3658\/revisions\/3660"}],"wp:featuredmedia":[{"embeddable":true,"href":"https:\/\/espacolivresergipe.com.br\/index.php\/wp-json\/wp\/v2\/media\/3659"}],"wp:attachment":[{"href":"https:\/\/espacolivresergipe.com.br\/index.php\/wp-json\/wp\/v2\/media?parent=3658"}],"wp:term":[{"taxonomy":"category","embeddable":true,"href":"https:\/\/espacolivresergipe.com.br\/index.php\/wp-json\/wp\/v2\/categories?post=3658"},{"taxonomy":"post_tag","embeddable":true,"href":"https:\/\/espacolivresergipe.com.br\/index.php\/wp-json\/wp\/v2\/tags?post=3658"}],"curies":[{"name":"wp","href":"https:\/\/api.w.org\/{rel}","templated":true}]}}