{"id":3880,"date":"2025-04-13T05:13:00","date_gmt":"2025-04-13T08:13:00","guid":{"rendered":"https:\/\/espacolivresergipe.com.br\/?p=3880"},"modified":"2025-04-13T07:16:49","modified_gmt":"2025-04-13T10:16:49","slug":"chuvas-secretaria-da-familia-e-da-assistencia-social-presta-apoio-as-comunidades-afetadas-em-aracaju","status":"publish","type":"post","link":"https:\/\/espacolivresergipe.com.br\/index.php\/2025\/04\/13\/chuvas-secretaria-da-familia-e-da-assistencia-social-presta-apoio-as-comunidades-afetadas-em-aracaju\/","title":{"rendered":"Chuvas: Secretaria da Fam\u00edlia e da Assist\u00eancia Social presta apoio \u00e0s comunidades afetadas em Aracaju"},"content":{"rendered":"\n<p>Ap\u00f3s os registros das fortes chuvas na capital sergipana durante as primeiras horas deste s\u00e1bado (12), a Secretaria Municipal da Fam\u00edlia e da Assist\u00eancia Social (Semfas) realizou atendimento \u00e0s fam\u00edlias impactadas pelas precipita\u00e7\u00f5es. As equipes foram direcionadas para os bairros Luzia e In\u00e1cio Barbosa.<\/p>\n\n\n\n<p>No conjunto M\u00e9dici II, no bairro Luzia, sete fam\u00edlias sofreram perdas materiais devido \u00e0s fortes chuvas. Moradores da rua Jo\u00e3o Gomes receberam benef\u00edcios eventuais, como colch\u00f5es, cestas b\u00e1sicas, kits de limpeza e de higiene. Nenhuma das fam\u00edlias precisou de acolhimento.<\/p>\n\n\n\n<p>\u201cS\u00e3o pessoas que tiveram suas casas inundas pelas fortes chuvas, ent\u00e3o a Prefeitura de Aracaju, por meio da Secretaria Municipal da Fam\u00edlia e da Assist\u00eancia Social, veio acompanhar de perto a situa\u00e7\u00e3o dessas fam\u00edlias\u201d, pontua secret\u00e1ria Simone Valadares.<\/p>\n\n\n\n<p>Equipes da Semfas tamb\u00e9m estiveram na avenida Pantanal, na regi\u00e3o conhecida como Vila do Rato, no bairro In\u00e1cio Barbosa. No entanto, n\u00e3o foi necess\u00e1ria a distribui\u00e7\u00e3o de benef\u00edcios eventuais no local.<\/p>\n\n\n\n<p>Al\u00e9m disso, o Abrigo Sorriso \u2014 reformado e entregue em dezembro de 2024 pela gest\u00e3o anterior \u2014 foi inundado ap\u00f3s falhas no telhado. A equipe realizou a limpeza imediata do espa\u00e7o, e a Semfas acionou a empresa respons\u00e1vel pela obra para providenciar os reparos.<\/p>\n\n\n\n<p>Foto: Ascom Semfas<\/p>\n","protected":false},"excerpt":{"rendered":"<p>Ap\u00f3s os registros das fortes chuvas na capital sergipana durante as primeiras horas deste s\u00e1bado (12), a Secretaria Municipal da Fam\u00edlia e da Assist\u00eancia Social (Semfas) realizou atendimento \u00e0s fam\u00edlias impactadas pelas precipita\u00e7\u00f5es. As equipes foram direcionadas para os bairros Luzia e In\u00e1cio Barbosa. No conjunto M\u00e9dici II, no bairro Luzia, sete fam\u00edlias sofreram perdas [&hellip;]<\/p>\n","protected":false},"author":2,"featured_media":3881,"comment_status":"open","ping_status":"open","sticky":false,"template":"","format":"standard","meta":{"footnotes":""},"categories":[11,6,10],"tags":[],"class_list":["post-3880","post","type-post","status-publish","format-standard","has-post-thumbnail","hentry","category-destaque","category-letreiro","category-noticias"],"_links":{"self":[{"href":"https:\/\/espacolivresergipe.com.br\/index.php\/wp-json\/wp\/v2\/posts\/3880","targetHints":{"allow":["GET"]}}],"collection":[{"href":"https:\/\/espacolivresergipe.com.br\/index.php\/wp-json\/wp\/v2\/posts"}],"about":[{"href":"https:\/\/espacolivresergipe.com.br\/index.php\/wp-json\/wp\/v2\/types\/post"}],"author":[{"embeddable":true,"href":"https:\/\/espacolivresergipe.com.br\/index.php\/wp-json\/wp\/v2\/users\/2"}],"replies":[{"embeddable":true,"href":"https:\/\/espacolivresergipe.com.br\/index.php\/wp-json\/wp\/v2\/comments?post=3880"}],"version-history":[{"count":1,"href":"https:\/\/espacolivresergipe.com.br\/index.php\/wp-json\/wp\/v2\/posts\/3880\/revisions"}],"predecessor-version":[{"id":3882,"href":"https:\/\/espacolivresergipe.com.br\/index.php\/wp-json\/wp\/v2\/posts\/3880\/revisions\/3882"}],"wp:featuredmedia":[{"embeddable":true,"href":"https:\/\/espacolivresergipe.com.br\/index.php\/wp-json\/wp\/v2\/media\/3881"}],"wp:attachment":[{"href":"https:\/\/espacolivresergipe.com.br\/index.php\/wp-json\/wp\/v2\/media?parent=3880"}],"wp:term":[{"taxonomy":"category","embeddable":true,"href":"https:\/\/espacolivresergipe.com.br\/index.php\/wp-json\/wp\/v2\/categories?post=3880"},{"taxonomy":"post_tag","embeddable":true,"href":"https:\/\/espacolivresergipe.com.br\/index.php\/wp-json\/wp\/v2\/tags?post=3880"}],"curies":[{"name":"wp","href":"https:\/\/api.w.org\/{rel}","templated":true}]}}