{"id":3997,"date":"2025-04-14T14:19:18","date_gmt":"2025-04-14T17:19:18","guid":{"rendered":"https:\/\/espacolivresergipe.com.br\/?p=3997"},"modified":"2025-04-14T14:28:10","modified_gmt":"2025-04-14T17:28:10","slug":"correios-homologa-resultado-final-do-concurso-publico","status":"publish","type":"post","link":"https:\/\/espacolivresergipe.com.br\/index.php\/2025\/04\/14\/correios-homologa-resultado-final-do-concurso-publico\/","title":{"rendered":"Correios homologa resultado final do concurso p\u00fablico"},"content":{"rendered":"\n<p>Os Correioshomologaram o resultado final dos candidatos aprovados e classificados dentro do n\u00famero de vagas nos editais de n\u00edveis m\u00e9dio e superior do concurso p\u00fablico nacional. A publica\u00e7\u00e3o est\u00e1 no Di\u00e1rio Oficial da Uni\u00e3o desta segunda-feira (14). Com a homologa\u00e7\u00e3o, as convoca\u00e7\u00f5es ser\u00e3o realizadas no prazo de validade do certame, respeitando a necessidade da estatal e a ordem de classifica\u00e7\u00e3o. Nesta etapa, \u00e9 importante que as candidatas e os candidatos aprovados mantenham os dados cadastrais atualizados e acompanhem as publica\u00e7\u00f5es oficiais no site dos Correios (<a href=\"http:\/\/www.correios.com.br\/\" target=\"_blank\" rel=\"noreferrer noopener\">www.correios.com.br<\/a>) e da organizadora do concurso, IBFC \u2013 Instituto Brasileiro de Forma\u00e7\u00e3o e Capacita\u00e7\u00e3o (<a href=\"http:\/\/www.ibfc.org.br\/\" target=\"_blank\" rel=\"noreferrer noopener\">www.ibfc.org.br<\/a>).&nbsp;<\/p>\n\n\n\n<p>&#8220;A realiza\u00e7\u00e3o do concurso p\u00fablico nacional foi um dos compromissos que a atual gest\u00e3o assumiu para fortalecer, valorizar e reconhecer as empregadas e os empregados dos Correios&#8221;, afirma o presidente da estatal, Fabiano Silva dos Santos. Segundo ele, a renova\u00e7\u00e3o do quadro de pessoal \u00e9 um pilar importante para potencializar os resultados pretendidos pela empresa ainda este ano.<\/p>\n\n\n\n<p>O concurso foi realizado em dezembro de 2024, 13 anos ap\u00f3s a \u00faltima sele\u00e7\u00e3o nacional para preenchimento de vagas nos Correios. Foram mais de 1 milh\u00e3o de candidatos em todo o Brasil, que concorreram a 3.511 vagas, 30% delas reservadas para pessoas negras (pretas e pardas) e ind\u00edgenas, quantitativo superior ao estabelecido pela legisla\u00e7\u00e3o (20%), e 10% para pessoas com defici\u00eancia.<\/p>\n\n\n\n<p><strong>Sobre os Correios<\/strong><\/p>\n\n\n\n<p>Os Correios, l\u00edderes no segmento log\u00edstico e de entrega de encomendas no Brasil e respons\u00e1veis pela atividade postal nacional, s\u00e3o uma empresa p\u00fablica moderna, com a miss\u00e3o de promover a integra\u00e7\u00e3o nacional, contribuindo com o governo no desenvolvimento socioecon\u00f4mico, conectando pessoas, institui\u00e7\u00f5es e neg\u00f3cios. Com mais de 360 anos de hist\u00f3ria e presente em 100% dos munic\u00edpios do Pa\u00eds, a estatal possui a maior infraestrutura log\u00edstica da Am\u00e9rica Latina: uma rede de atendimento de mais de 10 mil ag\u00eancias, mais de 8 mil unidades operacionais, 23 mil ve\u00edculos e 85 mil empregadas e empregados diretos. Para mais informa\u00e7\u00f5es, acesse:&nbsp;<a href=\"http:\/\/www.correios.com.br\/\" target=\"_blank\" rel=\"noreferrer noopener\">www.correios.com.br<\/a>.<\/p>\n\n\n\n<p>Assessoria de Imprensa Correios<\/p>\n","protected":false},"excerpt":{"rendered":"<p>Os Correioshomologaram o resultado final dos candidatos aprovados e classificados dentro do n\u00famero de vagas nos editais de n\u00edveis m\u00e9dio e superior do concurso p\u00fablico nacional. A publica\u00e7\u00e3o est\u00e1 no Di\u00e1rio Oficial da Uni\u00e3o desta segunda-feira (14). Com a homologa\u00e7\u00e3o, as convoca\u00e7\u00f5es ser\u00e3o realizadas no prazo de validade do certame, respeitando a necessidade da estatal [&hellip;]<\/p>\n","protected":false},"author":2,"featured_media":3998,"comment_status":"open","ping_status":"open","sticky":false,"template":"","format":"standard","meta":{"footnotes":""},"categories":[12,4,6],"tags":[],"class_list":["post-3997","post","type-post","status-publish","format-standard","has-post-thumbnail","hentry","category-agora","category-economia","category-letreiro"],"_links":{"self":[{"href":"https:\/\/espacolivresergipe.com.br\/index.php\/wp-json\/wp\/v2\/posts\/3997","targetHints":{"allow":["GET"]}}],"collection":[{"href":"https:\/\/espacolivresergipe.com.br\/index.php\/wp-json\/wp\/v2\/posts"}],"about":[{"href":"https:\/\/espacolivresergipe.com.br\/index.php\/wp-json\/wp\/v2\/types\/post"}],"author":[{"embeddable":true,"href":"https:\/\/espacolivresergipe.com.br\/index.php\/wp-json\/wp\/v2\/users\/2"}],"replies":[{"embeddable":true,"href":"https:\/\/espacolivresergipe.com.br\/index.php\/wp-json\/wp\/v2\/comments?post=3997"}],"version-history":[{"count":1,"href":"https:\/\/espacolivresergipe.com.br\/index.php\/wp-json\/wp\/v2\/posts\/3997\/revisions"}],"predecessor-version":[{"id":3999,"href":"https:\/\/espacolivresergipe.com.br\/index.php\/wp-json\/wp\/v2\/posts\/3997\/revisions\/3999"}],"wp:featuredmedia":[{"embeddable":true,"href":"https:\/\/espacolivresergipe.com.br\/index.php\/wp-json\/wp\/v2\/media\/3998"}],"wp:attachment":[{"href":"https:\/\/espacolivresergipe.com.br\/index.php\/wp-json\/wp\/v2\/media?parent=3997"}],"wp:term":[{"taxonomy":"category","embeddable":true,"href":"https:\/\/espacolivresergipe.com.br\/index.php\/wp-json\/wp\/v2\/categories?post=3997"},{"taxonomy":"post_tag","embeddable":true,"href":"https:\/\/espacolivresergipe.com.br\/index.php\/wp-json\/wp\/v2\/tags?post=3997"}],"curies":[{"name":"wp","href":"https:\/\/api.w.org\/{rel}","templated":true}]}}