{"id":4001,"date":"2025-04-14T14:31:45","date_gmt":"2025-04-14T17:31:45","guid":{"rendered":"https:\/\/espacolivresergipe.com.br\/?p=4001"},"modified":"2025-04-14T14:31:46","modified_gmt":"2025-04-14T17:31:46","slug":"plenario-do-tce-se-passa-a-se-chamar-conselheiro-manoel-cabral-machado","status":"publish","type":"post","link":"https:\/\/espacolivresergipe.com.br\/index.php\/2025\/04\/14\/plenario-do-tce-se-passa-a-se-chamar-conselheiro-manoel-cabral-machado\/","title":{"rendered":"Plen\u00e1rio do TCE\/SE passa a se chamar Conselheiro Manoel Cabral Machado"},"content":{"rendered":"\n<p>O Tribunal de Contas do Estado de Sergipe (TCE\/SE) prestou uma homenagem ao conselheiro Manoel Cabral Machado (in memoriam), membro fundador e primeiro presidente da Corte, ao nomear o plen\u00e1rio em sua mem\u00f3ria. A solenidade, realizada nesta segunda-feira, 14, reuniu autoridades, familiares e amigos do homenageado na sede do Tribunal.<\/p>\n\n\n\n<p>&#8220;Esta n\u00e3o \u00e9 apenas uma entrega de infraestrutura. \u00c9, sobretudo, um gesto de mem\u00f3ria, de rever\u00eancia e de gratid\u00e3o. Modernizamos o espa\u00e7o, sim \u2014 com mais conforto, acessibilidade, tecnologia e funcionalidade \u2014, mas fizemos quest\u00e3o de resgatar, nele, um nome que traduz a ess\u00eancia do servi\u00e7o p\u00fablico comprometido, da intelig\u00eancia cr\u00edtica, da \u00e9tica inegoci\u00e1vel e do amor por Sergipe: Manoel Cabral Machado&#8221;, disse a presidente da Corte de Contas, Susana Azevedo.<\/p>\n\n\n\n<p>O professor em\u00e9rito da Universidade Federal de Sergipe, Odilon Machado, \u00e9 filho do homenageado e destacou o sentimento de ver a mem\u00f3ria do seu pai sendo preservada pelo TCE.<\/p>\n\n\n\n<p>&#8220;\u00c9 uma alegria muito grande ver essa homenagem a meu pai, meu pai que foi um grande homem do estado de Sergipe, ele que foi professor, fundador de quatro faculdades n\u00facleo fundamental da universidade, Faculdade de Ci\u00eancias Econ\u00f4micas, Faculdade de Direito, Faculdade de Filosofia, Faculdade de Servi\u00e7os Sociais. Meu pai que foi um grande deputado, tribuno not\u00e1vel, foi vice-governador do Estado e ingressou no Tribunal de Contas, e aqui foi o primeiro presidente, um homem sempre zeloso das suas atividades, um homem culto do direito, da literatura, do conhecimento [&#8230;]&#8221;<\/p>\n\n\n\n<p>O promotor do Minist\u00e9rio P\u00fablico do Estado, Manoel Cabral Machado Neto, neto do conselheiro, tamb\u00e9m ressaltou a inspira\u00e7\u00e3o que seu av\u00f4 representa.<\/p>\n\n\n\n<p>&#8220;\u00c9 voc\u00ea tornar a mem\u00f3ria atual, o exemplo, a inspira\u00e7\u00e3o, toda a atividade p\u00fablica desempenhada pelo conselheiro Manoel Cabral Machado aqui no Tribunal de Contas, trazendo um legado importante de outros cargos p\u00fablicos exercidos, essa mem\u00f3ria viva, essa mem\u00f3ria atual nos traz inspira\u00e7\u00e3o, nos traz um incentivo para que todos os dias as pessoas pr\u00f3ximas, que o conheceram, possam se apegar aos valores, aos bons sentimentos e principalmente a dedica\u00e7\u00e3o ao servi\u00e7o p\u00fablico que foi isso que entre outros legados Cabral Machado nos deixou&#8221;.<\/p>\n\n\n\n<p>A solenidade marcou a reinaugura\u00e7\u00e3o oficial do Plen\u00e1rio da Corte de Contas, ap\u00f3s um breve per\u00edodo de reforma para implementa\u00e7\u00e3o de melhorias estruturais como novas bancadas e assentos para conselheiros e assessores, amplia\u00e7\u00e3o da \u00e1rea destinada aos espectadores e a inclus\u00e3o de assentos fixos para os conselheiros substitutos.<\/p>\n\n\n\n<p>O homenageado<\/p>\n\n\n\n<p>Manoel Cabral Machado nasceu em Ros\u00e1rio do Catete em 30 de outubro de 1916, mas foi criado em Capela. No Tribunal de Contas do Estado de Sergipe, ingressou em 1970 como um dos fundadores e o primeiro a presidir o \u00f3rg\u00e3o. Aposentou-se em 1986, aos 70 anos.<\/p>\n\n\n\n<p>3ca6030d-a796-47bc-bb77-e888235fc296.jpg<\/p>\n\n\n\n<p>Formou-se em Direito, foi membro da Academia Sergipana de Letra e respons\u00e1vel pela funda\u00e7\u00e3o de quatro faculdades no Estado: Ci\u00eancias Econ\u00f4micas, Direito, Filosofia e Servi\u00e7o Social, na Universidade Federal de Sergipe, local em que foi professor em\u00e9rito.<\/p>\n\n\n\n<p>Ao longo da sua trajet\u00f3ria, escreveu diversos ensaios, poesias e artigos, tornando-se um dos mais atuantes professores e intelectuais sergipanos.<\/p>\n\n\n\n<p>Destacou-se na vida p\u00fablica, com atua\u00e7\u00e3o em v\u00e1rios cargos, dentre eles o de vice-governador de Lourival Batista, secret\u00e1rio de Estado da Educa\u00e7\u00e3o no governo de Celso de Carvalho e procurador-geral no governo de Ant\u00f4nio Carlos Valadares, al\u00e9m de deputado estadual por tr\u00eas legislaturas.<\/p>\n\n\n\n<p>Texto: Luana Maria &#8211; Foto: Marcelle Cristinne<\/p>\n","protected":false},"excerpt":{"rendered":"<p>O Tribunal de Contas do Estado de Sergipe (TCE\/SE) prestou uma homenagem ao conselheiro Manoel Cabral Machado (in memoriam), membro fundador e primeiro presidente da Corte, ao nomear o plen\u00e1rio em sua mem\u00f3ria. A solenidade, realizada nesta segunda-feira, 14, reuniu autoridades, familiares e amigos do homenageado na sede do Tribunal. &#8220;Esta n\u00e3o \u00e9 apenas uma [&hellip;]<\/p>\n","protected":false},"author":2,"featured_media":4002,"comment_status":"open","ping_status":"open","sticky":false,"template":"","format":"standard","meta":{"footnotes":""},"categories":[13,2],"tags":[],"class_list":["post-4001","post","type-post","status-publish","format-standard","has-post-thumbnail","hentry","category-acontece","category-politica"],"_links":{"self":[{"href":"https:\/\/espacolivresergipe.com.br\/index.php\/wp-json\/wp\/v2\/posts\/4001","targetHints":{"allow":["GET"]}}],"collection":[{"href":"https:\/\/espacolivresergipe.com.br\/index.php\/wp-json\/wp\/v2\/posts"}],"about":[{"href":"https:\/\/espacolivresergipe.com.br\/index.php\/wp-json\/wp\/v2\/types\/post"}],"author":[{"embeddable":true,"href":"https:\/\/espacolivresergipe.com.br\/index.php\/wp-json\/wp\/v2\/users\/2"}],"replies":[{"embeddable":true,"href":"https:\/\/espacolivresergipe.com.br\/index.php\/wp-json\/wp\/v2\/comments?post=4001"}],"version-history":[{"count":1,"href":"https:\/\/espacolivresergipe.com.br\/index.php\/wp-json\/wp\/v2\/posts\/4001\/revisions"}],"predecessor-version":[{"id":4003,"href":"https:\/\/espacolivresergipe.com.br\/index.php\/wp-json\/wp\/v2\/posts\/4001\/revisions\/4003"}],"wp:featuredmedia":[{"embeddable":true,"href":"https:\/\/espacolivresergipe.com.br\/index.php\/wp-json\/wp\/v2\/media\/4002"}],"wp:attachment":[{"href":"https:\/\/espacolivresergipe.com.br\/index.php\/wp-json\/wp\/v2\/media?parent=4001"}],"wp:term":[{"taxonomy":"category","embeddable":true,"href":"https:\/\/espacolivresergipe.com.br\/index.php\/wp-json\/wp\/v2\/categories?post=4001"},{"taxonomy":"post_tag","embeddable":true,"href":"https:\/\/espacolivresergipe.com.br\/index.php\/wp-json\/wp\/v2\/tags?post=4001"}],"curies":[{"name":"wp","href":"https:\/\/api.w.org\/{rel}","templated":true}]}}