{"id":4004,"date":"2025-04-14T14:40:41","date_gmt":"2025-04-14T17:40:41","guid":{"rendered":"https:\/\/espacolivresergipe.com.br\/?p=4004"},"modified":"2025-04-14T14:40:43","modified_gmt":"2025-04-14T17:40:43","slug":"semana-santa-comeca-com-programacao-especial-e-diversificada-na-vila-da-pascoa","status":"publish","type":"post","link":"https:\/\/espacolivresergipe.com.br\/index.php\/2025\/04\/14\/semana-santa-comeca-com-programacao-especial-e-diversificada-na-vila-da-pascoa\/","title":{"rendered":"Semana Santa come\u00e7a com programa\u00e7\u00e3o especial e diversificada na Vila da P\u00e1scoa"},"content":{"rendered":"\n<p>A Semana Santa tem in\u00edcio com uma programa\u00e7\u00e3o especial e diversificada na Vila da P\u00e1scoa. As atividades que t\u00eam in\u00edcio nesta segunda-feira, 14, contam com v\u00e1rias atra\u00e7\u00f5es teatrais, musicais, atividades educativas e manifesta\u00e7\u00f5es de f\u00e9 durante a semana, com apresenta\u00e7\u00f5es di\u00e1rias. Aos finais de semana, s\u00e1bado e domingo, o evento conta, ainda, com a encena\u00e7\u00e3o da Paix\u00e3o de Cristo, sempre \u00e0s 19h.&nbsp;<\/p>\n\n\n\n<p>Al\u00e9m da programa\u00e7\u00e3o art\u00edstico-religiosa, os visitantes poder\u00e3o aproveitar toda a estrutura do evento, que inclui v\u00e1rias atra\u00e7\u00f5es, como a f\u00e1brica de chocolate, recrea\u00e7\u00e3o, espa\u00e7os para comercializa\u00e7\u00e3o de artesanato e economia criativa, igreja cenogr\u00e1fica, roda-gigante, espa\u00e7os instagram\u00e1veis, toca do coelho, labirinto, brinquedos adaptados para pessoas com defici\u00eancia, sala multissensorial e pra\u00e7a de alimenta\u00e7\u00e3o.<\/p>\n\n\n\n<p><strong>Vila da P\u00e1scoa<\/strong><\/p>\n\n\n\n<p>A Vila da P\u00e1scoa 2025 acontece diariamente at\u00e9 o dia 27 de abril, das 17h \u00e0s 22h, na Orla da Atalaia, e \u00e9 uma realiza\u00e7\u00e3o do Governo do Estado, por meio da Funda\u00e7\u00e3o de Cultura e Arte Aperip\u00ea de Sergipe (Funcap) e secretarias de Estado da Comunica\u00e7\u00e3o (Secom), da Assist\u00eancia Social, Inclus\u00e3o e Cidadania (Seasic) e do Trabalho, Emprego e Empreendedorismo (Seteem). O evento conta com apoio da Netiz, Energisa e Companhia de Saneamento de Sergipe (Deso) e patroc\u00ednio do Banco do Estado de Sergipe (Banese).<\/p>\n\n\n\n<p><strong>Programa\u00e7\u00e3o<\/strong><\/p>\n\n\n\n<p>Confira toda programa\u00e7\u00e3o para o Teatro da Vila e o palco, elaborada para at\u00e9 a quinta-feira, 17.<\/p>\n\n\n\n<p><strong>Programa\u00e7\u00e3o teatral<\/strong><\/p>\n\n\n\n<p><strong>14\/04 (segunda-feira)<\/strong><\/p>\n\n\n\n<p>18h30 &#8211; &#8216;A menina que queria dan\u00e7ar forr\u00f3 com Jesus na P\u00e1scoa&#8217; (Grupo de Teatro Mamulengo Baile Estrela)<\/p>\n\n\n\n<p>20h &#8211; &#8216;Folcloriano na terra dos cajus&#8217; (Coletivo de Teatro Afro-Hecta)<\/p>\n\n\n\n<p><strong>15\/04 (ter\u00e7a-feira)<\/strong><\/p>\n\n\n\n<p>18h30 &#8211; &#8216;O grande mist\u00e9rio da P\u00e1scoa&#8217; (Cia Os Tripulantes)<\/p>\n\n\n\n<p>20h &#8211; &#8216;A menina que queria dan\u00e7ar forr\u00f3 com Jesus na P\u00e1scoa&#8217; (Grupo de Teatro Mamulengo Baile Estrela)<\/p>\n\n\n\n<p><strong>16\/04 (quarta-feira)<\/strong><\/p>\n\n\n\n<p>18h30 &#8211; &#8216;Alegria&#8217; (Circo Gold Star)<\/p>\n\n\n\n<p>20h &#8211; &#8216;Uma aventura com sabor de chocolate&#8217; (Grupo Cataluz)<\/p>\n\n\n\n<p><strong>17\/04 (quinta-feira)<\/strong><\/p>\n\n\n\n<p>18h30 &#8211; &#8216;Bombeiros em a\u00e7\u00e3o: socorrendo Juninho e a popula\u00e7\u00e3o&#8217; (Teatro de Fantoches do Corpo de Bombeiros)<\/p>\n\n\n\n<p>20h &#8211; &#8216;Balaio de cantos, contos e encantos&#8217; (Coletivo C\u00eanico)<\/p>\n\n\n\n<p><strong>Programa\u00e7\u00e3o musical&nbsp;<\/strong><\/p>\n\n\n\n<p><strong>14\/04 (segunda-feira)<\/strong><\/p>\n\n\n\n<p>18h &#8211; Pastor Raphael Barbosa<\/p>\n\n\n\n<p>20h &#8211; Danilo Vieira<\/p>\n\n\n\n<p><strong>15\/04 (ter\u00e7a-feira)<\/strong><\/p>\n\n\n\n<p>18h &#8211; Miriam Menezes<\/p>\n\n\n\n<p>20h &#8211; Comunidade que Canta<\/p>\n\n\n\n<p><strong>16\/04 (quarta-feira)<\/strong><\/p>\n\n\n\n<p>18h &#8211; Eli Campos<\/p>\n\n\n\n<p>20h &#8211; Raquel Diniz<\/p>\n\n\n\n<p><strong>17\/04 (quinta-feira)<\/strong><\/p>\n\n\n\n<p>18h &#8211; Jo\u00e3o Vitor Tavares<\/p>\n\n\n\n<p>20h &#8211; Ravel Cardoso<\/p>\n\n\n\n<p><em>*Programa\u00e7\u00e3o sujeita a altera\u00e7\u00e3o<\/em><\/p>\n\n\n\n<p>Foto: Erick O&#8217;Hara<\/p>\n","protected":false},"excerpt":{"rendered":"<p>A Semana Santa tem in\u00edcio com uma programa\u00e7\u00e3o especial e diversificada na Vila da P\u00e1scoa. As atividades que t\u00eam in\u00edcio nesta segunda-feira, 14, contam com v\u00e1rias atra\u00e7\u00f5es teatrais, musicais, atividades educativas e manifesta\u00e7\u00f5es de f\u00e9 durante a semana, com apresenta\u00e7\u00f5es di\u00e1rias. Aos finais de semana, s\u00e1bado e domingo, o evento conta, ainda, com a encena\u00e7\u00e3o [&hellip;]<\/p>\n","protected":false},"author":2,"featured_media":4005,"comment_status":"open","ping_status":"open","sticky":false,"template":"","format":"standard","meta":{"footnotes":""},"categories":[12,6,7],"tags":[],"class_list":["post-4004","post","type-post","status-publish","format-standard","has-post-thumbnail","hentry","category-agora","category-letreiro","category-sergipe"],"_links":{"self":[{"href":"https:\/\/espacolivresergipe.com.br\/index.php\/wp-json\/wp\/v2\/posts\/4004","targetHints":{"allow":["GET"]}}],"collection":[{"href":"https:\/\/espacolivresergipe.com.br\/index.php\/wp-json\/wp\/v2\/posts"}],"about":[{"href":"https:\/\/espacolivresergipe.com.br\/index.php\/wp-json\/wp\/v2\/types\/post"}],"author":[{"embeddable":true,"href":"https:\/\/espacolivresergipe.com.br\/index.php\/wp-json\/wp\/v2\/users\/2"}],"replies":[{"embeddable":true,"href":"https:\/\/espacolivresergipe.com.br\/index.php\/wp-json\/wp\/v2\/comments?post=4004"}],"version-history":[{"count":1,"href":"https:\/\/espacolivresergipe.com.br\/index.php\/wp-json\/wp\/v2\/posts\/4004\/revisions"}],"predecessor-version":[{"id":4006,"href":"https:\/\/espacolivresergipe.com.br\/index.php\/wp-json\/wp\/v2\/posts\/4004\/revisions\/4006"}],"wp:featuredmedia":[{"embeddable":true,"href":"https:\/\/espacolivresergipe.com.br\/index.php\/wp-json\/wp\/v2\/media\/4005"}],"wp:attachment":[{"href":"https:\/\/espacolivresergipe.com.br\/index.php\/wp-json\/wp\/v2\/media?parent=4004"}],"wp:term":[{"taxonomy":"category","embeddable":true,"href":"https:\/\/espacolivresergipe.com.br\/index.php\/wp-json\/wp\/v2\/categories?post=4004"},{"taxonomy":"post_tag","embeddable":true,"href":"https:\/\/espacolivresergipe.com.br\/index.php\/wp-json\/wp\/v2\/tags?post=4004"}],"curies":[{"name":"wp","href":"https:\/\/api.w.org\/{rel}","templated":true}]}}