{"id":4007,"date":"2025-04-14T14:51:15","date_gmt":"2025-04-14T17:51:15","guid":{"rendered":"https:\/\/espacolivresergipe.com.br\/?p=4007"},"modified":"2025-04-14T14:51:16","modified_gmt":"2025-04-14T17:51:16","slug":"semana-santa-comeca-com-programacao-especial-e-diversificada-na-vila-da-pascoa-2","status":"publish","type":"post","link":"https:\/\/espacolivresergipe.com.br\/index.php\/2025\/04\/14\/semana-santa-comeca-com-programacao-especial-e-diversificada-na-vila-da-pascoa-2\/","title":{"rendered":"Semana Santa come\u00e7a com programa\u00e7\u00e3o especial e diversificada na Vila da P\u00e1scoa"},"content":{"rendered":"\n<p>A Semana Santa tem in\u00edcio com uma programa\u00e7\u00e3o especial e diversificada na Vila da P\u00e1scoa. As atividades t\u00eam in\u00edcio nesta segunda-feira, 14, contam com v\u00e1rias atra\u00e7\u00f5es teatrais, musicais, atividades educativas e manifesta\u00e7\u00f5es de f\u00e9 durante a semana.<\/p>\n\n\n\n<p>Aos finais de semana, s\u00e1bado e domingo, o evento conta, ainda, com a encena\u00e7\u00e3o da Paix\u00e3o de Cristo, sempre \u00e0s 19h.&nbsp;<\/p>\n\n\n\n<p>Foto: Erick O&#8217;Hara<\/p>\n","protected":false},"excerpt":{"rendered":"<p>A Semana Santa tem in\u00edcio com uma programa\u00e7\u00e3o especial e diversificada na Vila da P\u00e1scoa. As atividades t\u00eam in\u00edcio nesta segunda-feira, 14, contam com v\u00e1rias atra\u00e7\u00f5es teatrais, musicais, atividades educativas e manifesta\u00e7\u00f5es de f\u00e9 durante a semana. Aos finais de semana, s\u00e1bado e domingo, o evento conta, ainda, com a encena\u00e7\u00e3o da Paix\u00e3o de Cristo, [&hellip;]<\/p>\n","protected":false},"author":2,"featured_media":4008,"comment_status":"open","ping_status":"open","sticky":false,"template":"","format":"standard","meta":{"footnotes":""},"categories":[13,7],"tags":[],"class_list":["post-4007","post","type-post","status-publish","format-standard","has-post-thumbnail","hentry","category-acontece","category-sergipe"],"_links":{"self":[{"href":"https:\/\/espacolivresergipe.com.br\/index.php\/wp-json\/wp\/v2\/posts\/4007","targetHints":{"allow":["GET"]}}],"collection":[{"href":"https:\/\/espacolivresergipe.com.br\/index.php\/wp-json\/wp\/v2\/posts"}],"about":[{"href":"https:\/\/espacolivresergipe.com.br\/index.php\/wp-json\/wp\/v2\/types\/post"}],"author":[{"embeddable":true,"href":"https:\/\/espacolivresergipe.com.br\/index.php\/wp-json\/wp\/v2\/users\/2"}],"replies":[{"embeddable":true,"href":"https:\/\/espacolivresergipe.com.br\/index.php\/wp-json\/wp\/v2\/comments?post=4007"}],"version-history":[{"count":1,"href":"https:\/\/espacolivresergipe.com.br\/index.php\/wp-json\/wp\/v2\/posts\/4007\/revisions"}],"predecessor-version":[{"id":4009,"href":"https:\/\/espacolivresergipe.com.br\/index.php\/wp-json\/wp\/v2\/posts\/4007\/revisions\/4009"}],"wp:featuredmedia":[{"embeddable":true,"href":"https:\/\/espacolivresergipe.com.br\/index.php\/wp-json\/wp\/v2\/media\/4008"}],"wp:attachment":[{"href":"https:\/\/espacolivresergipe.com.br\/index.php\/wp-json\/wp\/v2\/media?parent=4007"}],"wp:term":[{"taxonomy":"category","embeddable":true,"href":"https:\/\/espacolivresergipe.com.br\/index.php\/wp-json\/wp\/v2\/categories?post=4007"},{"taxonomy":"post_tag","embeddable":true,"href":"https:\/\/espacolivresergipe.com.br\/index.php\/wp-json\/wp\/v2\/tags?post=4007"}],"curies":[{"name":"wp","href":"https:\/\/api.w.org\/{rel}","templated":true}]}}