{"id":475,"date":"2025-03-15T07:26:15","date_gmt":"2025-03-15T10:26:15","guid":{"rendered":"https:\/\/espacolivresergipe.com.br\/?p=475"},"modified":"2025-03-15T07:26:15","modified_gmt":"2025-03-15T10:26:15","slug":"noite-do-rock-agita-primeiro-dia-de-shows-dos-170-anos-de-aracaju-na-orla-de-atalaia","status":"publish","type":"post","link":"https:\/\/espacolivresergipe.com.br\/index.php\/2025\/03\/15\/noite-do-rock-agita-primeiro-dia-de-shows-dos-170-anos-de-aracaju-na-orla-de-atalaia\/","title":{"rendered":"Noite do rock agita primeiro dia de shows dos 170 anos de Aracaju na Orla de Atalaia"},"content":{"rendered":"\n<p>O primeiro dia de shows na Orla de Atalaia, em comemora\u00e7\u00e3o aos 170 anos da capital sergipana, estremeceu a Pra\u00e7a de Eventos nesta sexta-feira, 14. A noite foi marcada pela energia do rock, com apresenta\u00e7\u00f5es de The Baggios, Dig\u00e3o Raimundos, Rock 7Nove e Tit\u00e3s, al\u00e9m do ritmo contagiante do \u00c0ttoxxa, que misturou o pagode baiano com m\u00fasica eletr\u00f4nica e o afrobeat.<\/p>\n\n\n\n<p>Celebrando a cultura e a diversidade musical da cidade, os 170 anos de Aracaju t\u00eam sido uma festa marcante. O vice-prefeito e secret\u00e1rio da Comunica\u00e7\u00e3o Social, Ricardo Marques, falou sobre as comemora\u00e7\u00f5es. \u201c\u00c9 uma festa que valoriza a diversidade e a participa\u00e7\u00e3o popular, com a cidade inteira envolvida, por determina\u00e7\u00e3o da nossa prefeita Em\u00edlia Corr\u00eaa, para que todos possam participar. Ou seja, n\u00e3o \u00e9 apenas um evento, \u00e9 uma celebra\u00e7\u00e3o. Uma festa para fortalecer a identidade e a autoestima do povo aracajuano\u201d, disse.<\/p>\n\n\n\n<p>O rock tomou conta da festa, levando o p\u00fablico ao del\u00edrio com cl\u00e1ssicos e novos sucessos. A banda The Baggios, representante do rock sergipano, abriru a noite com sua sonoridade \u00fanica. \u201c\u00c9 o primeiro show do ano. A gente est\u00e1 num momento muito bacana. Ainda nessa reverbera\u00e7\u00e3o dos 20 anos, tentando contemplar a m\u00fasica de todas as fases da banda. E come\u00e7ar o ano nesse palco, nessa praia. N\u00e3o tem como ser melhor, porque tocar em casa, tocar com a estrutura dessa \u00e9 gratificante\u201d, celebrou o l\u00edder da banda, J\u00falio Andrade.<\/p>\n\n\n\n<p>Com um repert\u00f3rio repleto de sucessos, Dig\u00e3o subiu ao palco trazendo toda a for\u00e7a dos Raimundos e relembrando hits que marcaram gera\u00e7\u00f5es. A abertura do show ficou por conta da Rock 7Nove, banda que tem se destacado no cen\u00e1rio local. Sobre a parceria com a banda sergipana, Dig\u00e3o afirmou que tem um vinculo muito forte com o grupo. \u201cUma galera que sempre me recebe de bra\u00e7os abertos, e a gente criou essa conex\u00e3o. Tocamos um rock, fazemos uma bagun\u00e7a, e hoje unimos o \u00fatil ao agrad\u00e1vel nessa comemora\u00e7\u00e3o dos 170 anos de Aracaju, uma cidade bonita, bem cuidada e muito agrad\u00e1vel\u201d, disse.<\/p>\n\n\n\n<p>Os Tit\u00e3s, uma das maiores bandas do rock nacional, fizeram um show memor\u00e1vel, repleto de nostalgia. O encontro de gera\u00e7\u00f5es marcou a apresenta\u00e7\u00e3o, com um p\u00fablico diverso que cantou junto cada sucesso, mostrando a atemporalidade da banda. O cantor e compositor S\u00e9rgio Britto falou da import\u00e2ncia desse momento. \u201cIsso acontece muitas vezes, com o pai levando o filho e at\u00e9 o neto. \u00c9 muito bonito ver esse gosto pela m\u00fasica sendo passado de gera\u00e7\u00e3o em gera\u00e7\u00e3o. Acho que aqui temos mais um exemplo disso\u201d, frisou ele. \u201c\u00c9 muito bacana estar aqui, um privil\u00e9gio para n\u00f3s. Ficamos muito honrados em participar da festa de anivers\u00e1rio de uma cidade pela qual temos tanto carinho e onde j\u00e1 estivemos tantas vezes\u201d, acrescentou.<\/p>\n\n\n\n<p>Fechando com chave de ouro, o \u00c0ttoxxa trouxe sua mistura de ritmos, garantindo um fim de noite animado. Celebrando 10 anos de carreira, o grupo n\u00e3o poupou energia e agradeceu a cidade que sempre os acolheu. \u201cO que a gente mais quer nesses 10 anos \u00e9 ter mais sa\u00fade para poder trabalhar com mais calma, contar nossa hist\u00f3ria com mais tranquilidade e comemorar tudo isso com Aracaju\u201d, concluiu Raoni Knalha.<\/p>\n\n\n\n<p>Foto: Ronald Almeida\/PMA<\/p>\n","protected":false},"excerpt":{"rendered":"<p>O primeiro dia de shows na Orla de Atalaia, em comemora\u00e7\u00e3o aos 170 anos da capital sergipana, estremeceu a Pra\u00e7a de Eventos nesta sexta-feira, 14. A noite foi marcada pela energia do rock, com apresenta\u00e7\u00f5es de The Baggios, Dig\u00e3o Raimundos, Rock 7Nove e Tit\u00e3s, al\u00e9m do ritmo contagiante do \u00c0ttoxxa, que misturou o pagode baiano [&hellip;]<\/p>\n","protected":false},"author":2,"featured_media":476,"comment_status":"open","ping_status":"open","sticky":false,"template":"","format":"standard","meta":{"footnotes":""},"categories":[12,10],"tags":[],"class_list":["post-475","post","type-post","status-publish","format-standard","has-post-thumbnail","hentry","category-agora","category-noticias"],"_links":{"self":[{"href":"https:\/\/espacolivresergipe.com.br\/index.php\/wp-json\/wp\/v2\/posts\/475","targetHints":{"allow":["GET"]}}],"collection":[{"href":"https:\/\/espacolivresergipe.com.br\/index.php\/wp-json\/wp\/v2\/posts"}],"about":[{"href":"https:\/\/espacolivresergipe.com.br\/index.php\/wp-json\/wp\/v2\/types\/post"}],"author":[{"embeddable":true,"href":"https:\/\/espacolivresergipe.com.br\/index.php\/wp-json\/wp\/v2\/users\/2"}],"replies":[{"embeddable":true,"href":"https:\/\/espacolivresergipe.com.br\/index.php\/wp-json\/wp\/v2\/comments?post=475"}],"version-history":[{"count":1,"href":"https:\/\/espacolivresergipe.com.br\/index.php\/wp-json\/wp\/v2\/posts\/475\/revisions"}],"predecessor-version":[{"id":477,"href":"https:\/\/espacolivresergipe.com.br\/index.php\/wp-json\/wp\/v2\/posts\/475\/revisions\/477"}],"wp:featuredmedia":[{"embeddable":true,"href":"https:\/\/espacolivresergipe.com.br\/index.php\/wp-json\/wp\/v2\/media\/476"}],"wp:attachment":[{"href":"https:\/\/espacolivresergipe.com.br\/index.php\/wp-json\/wp\/v2\/media?parent=475"}],"wp:term":[{"taxonomy":"category","embeddable":true,"href":"https:\/\/espacolivresergipe.com.br\/index.php\/wp-json\/wp\/v2\/categories?post=475"},{"taxonomy":"post_tag","embeddable":true,"href":"https:\/\/espacolivresergipe.com.br\/index.php\/wp-json\/wp\/v2\/tags?post=475"}],"curies":[{"name":"wp","href":"https:\/\/api.w.org\/{rel}","templated":true}]}}