{"id":4758,"date":"2025-04-22T13:46:37","date_gmt":"2025-04-22T16:46:37","guid":{"rendered":"https:\/\/espacolivresergipe.com.br\/?p=4758"},"modified":"2025-04-22T13:46:38","modified_gmt":"2025-04-22T16:46:38","slug":"iran-destaca-a-luta-do-magisterio-e-a-semana-nacional-em-defesa-e-promocao-da-educacao-publica","status":"publish","type":"post","link":"https:\/\/espacolivresergipe.com.br\/index.php\/2025\/04\/22\/iran-destaca-a-luta-do-magisterio-e-a-semana-nacional-em-defesa-e-promocao-da-educacao-publica\/","title":{"rendered":"Iran destaca a luta do Magist\u00e9rio e a Semana Nacional em Defesa e Promo\u00e7\u00e3o da Educa\u00e7\u00e3o P\u00fablica"},"content":{"rendered":"\n<p>O vereador e professor Iran Barbosa, do PSOL, destacou, na tribuna da C\u00e2mara Municipal de Aracaju, na manh\u00e3 desta ter\u00e7a-feira (22), a realiza\u00e7\u00e3o da 26\u00aa Semana Nacional em Defesa e Promo\u00e7\u00e3o da Educa\u00e7\u00e3o P\u00fablica.<\/p>\n\n\n\n<p>\u201cEssa Semana de luta dos trabalhadores em educa\u00e7\u00e3o tem in\u00edcio hoje e vai at\u00e9 o dia 28 deste m\u00eas. \u00c9 um espa\u00e7o importante para que chamemos a aten\u00e7\u00e3o da sociedade para os problemas que a educa\u00e7\u00e3o p\u00fablica do nosso pa\u00eds enfrenta\u201d, disse.<\/p>\n\n\n\n<p>Entre as pautas que ser\u00e3o levantadas pelos educadores durante a Semana est\u00e3o a valoriza\u00e7\u00e3o e pagamento do Piso Salarial com base no Plano de Carreira; fortalecimento da Gest\u00e3o Democr\u00e1tica, dos Conselhos e contra a privatiza\u00e7\u00e3o da educa\u00e7\u00e3o atrav\u00e9s de funda\u00e7\u00f5es educacionais e da terceiriza\u00e7\u00e3o; garantia do acompanhamento especializado para estudantes at\u00edpicos; e melhores condi\u00e7\u00f5es de trabalho, constru\u00e7\u00e3o e amplia\u00e7\u00e3o de escolas para atender \u00e0 demanda de matr\u00edculas.<\/p>\n\n\n\n<p>Iran destacou que o tema da Semana Nacional, este ano, \u201cEscola P\u00fablica n\u00e3o \u00e9 Neg\u00f3cio. \u00c9 Direito!\u201d, visa alertar sobre os riscos da privatiza\u00e7\u00e3o, militariza\u00e7\u00e3o e desvaloriza\u00e7\u00e3o dos profissionais da educa\u00e7\u00e3o, al\u00e9m de fortalecer a luta por um ensino p\u00fablico democr\u00e1tico e de qualidade.<\/p>\n\n\n\n<p>\u201cTeremos um conjunto de atividades em todo o pa\u00eds, com um ponto marcante que unifica toda a luta da categoria, que \u00e9 a paralisa\u00e7\u00e3o nacional dos trabalhadores em educa\u00e7\u00e3o para chamar a aten\u00e7\u00e3o para a necessidade de respeito \u00e0 nossa profiss\u00e3o e pelo direito de acesso \u00e0 educa\u00e7\u00e3o. Pela amanh\u00e3, teremos tanto as redes p\u00fablicas estadual como as municipais paralisando as suas atividades, com realiza\u00e7\u00e3o, na parte da tarde, de uma marcha dos educadores, organizada pelos nossos sindicatos, o Sintese e o Sindipema, e com o apoio de outras entidades que entendem a necessidade da defesa e promo\u00e7\u00e3o da educa\u00e7\u00e3o p\u00fablica\u201d, apontou o parlamentar.<\/p>\n\n\n\n<p>Iran refor\u00e7ou, ainda, que as atividades da 26\u00aa Semana Nacional em Defesa e Promo\u00e7\u00e3o da Educa\u00e7\u00e3o visam chamar a aten\u00e7\u00e3o, inclusive, para a tentativa crescente de descaracterizar a escola como um espa\u00e7o de exerc\u00edcio da autonomia pedag\u00f3gica, administrativa e financeira, como assegura a Lei de Diretrizes e Bases da Educa\u00e7\u00e3o Nacional (LDB).<\/p>\n\n\n\n<p>&nbsp;\u201cA escola precisa ter a sua autonomia, a partir do funcionamento e das delibera\u00e7\u00f5es das inst\u00e2ncias formadas pelos professores, alunos, pais de alunos, funcion\u00e1rios e pela pr\u00f3pria comunidade em que a escola est\u00e1 inserida. Portanto, quero aqui reivindicar respeito \u00e0 autoridade que deve ser reservada \u00e0s escolas, garantido a todas elas o direito j\u00e1 assegurado pela LDB, porque \u00e9 a partir disso que se garante a gest\u00e3o democr\u00e1tica, que tamb\u00e9m \u00e9 um princ\u00edpio constitucional para a educa\u00e7\u00e3o\u201d, refor\u00e7ou Iran Barbosa, convidando todos e todas a participarem da marcha e da luta em defesa da educa\u00e7\u00e3o e dos direitos do magist\u00e9rio p\u00fablico.<\/p>\n\n\n\n<p>Por George W. Silva<\/p>\n","protected":false},"excerpt":{"rendered":"<p>O vereador e professor Iran Barbosa, do PSOL, destacou, na tribuna da C\u00e2mara Municipal de Aracaju, na manh\u00e3 desta ter\u00e7a-feira (22), a realiza\u00e7\u00e3o da 26\u00aa Semana Nacional em Defesa e Promo\u00e7\u00e3o da Educa\u00e7\u00e3o P\u00fablica. \u201cEssa Semana de luta dos trabalhadores em educa\u00e7\u00e3o tem in\u00edcio hoje e vai at\u00e9 o dia 28 deste m\u00eas. \u00c9 um [&hellip;]<\/p>\n","protected":false},"author":2,"featured_media":4759,"comment_status":"open","ping_status":"open","sticky":false,"template":"","format":"standard","meta":{"footnotes":""},"categories":[13,2],"tags":[],"class_list":["post-4758","post","type-post","status-publish","format-standard","has-post-thumbnail","hentry","category-acontece","category-politica"],"_links":{"self":[{"href":"https:\/\/espacolivresergipe.com.br\/index.php\/wp-json\/wp\/v2\/posts\/4758","targetHints":{"allow":["GET"]}}],"collection":[{"href":"https:\/\/espacolivresergipe.com.br\/index.php\/wp-json\/wp\/v2\/posts"}],"about":[{"href":"https:\/\/espacolivresergipe.com.br\/index.php\/wp-json\/wp\/v2\/types\/post"}],"author":[{"embeddable":true,"href":"https:\/\/espacolivresergipe.com.br\/index.php\/wp-json\/wp\/v2\/users\/2"}],"replies":[{"embeddable":true,"href":"https:\/\/espacolivresergipe.com.br\/index.php\/wp-json\/wp\/v2\/comments?post=4758"}],"version-history":[{"count":1,"href":"https:\/\/espacolivresergipe.com.br\/index.php\/wp-json\/wp\/v2\/posts\/4758\/revisions"}],"predecessor-version":[{"id":4760,"href":"https:\/\/espacolivresergipe.com.br\/index.php\/wp-json\/wp\/v2\/posts\/4758\/revisions\/4760"}],"wp:featuredmedia":[{"embeddable":true,"href":"https:\/\/espacolivresergipe.com.br\/index.php\/wp-json\/wp\/v2\/media\/4759"}],"wp:attachment":[{"href":"https:\/\/espacolivresergipe.com.br\/index.php\/wp-json\/wp\/v2\/media?parent=4758"}],"wp:term":[{"taxonomy":"category","embeddable":true,"href":"https:\/\/espacolivresergipe.com.br\/index.php\/wp-json\/wp\/v2\/categories?post=4758"},{"taxonomy":"post_tag","embeddable":true,"href":"https:\/\/espacolivresergipe.com.br\/index.php\/wp-json\/wp\/v2\/tags?post=4758"}],"curies":[{"name":"wp","href":"https:\/\/api.w.org\/{rel}","templated":true}]}}