{"id":4764,"date":"2025-04-22T14:07:14","date_gmt":"2025-04-22T17:07:14","guid":{"rendered":"https:\/\/espacolivresergipe.com.br\/?p=4764"},"modified":"2025-04-22T14:07:16","modified_gmt":"2025-04-22T17:07:16","slug":"sonia-meire-repudia-a-fala-transfobica-do-vereador-lucio-flavio-na-camara-municipal-de-aracaju","status":"publish","type":"post","link":"https:\/\/espacolivresergipe.com.br\/index.php\/2025\/04\/22\/sonia-meire-repudia-a-fala-transfobica-do-vereador-lucio-flavio-na-camara-municipal-de-aracaju\/","title":{"rendered":"Sonia Meire repudia a fala transf\u00f3bica do vereador L\u00facio Fl\u00e1vio na C\u00e2mara Municipal de Aracaju"},"content":{"rendered":"\n<p>A vereadora Sonia Meire (Psol) utilizou a tribuna da C\u00e2mara Municipal de Aracaju (CMA) durante o grande expediente nesta ter\u00e7a-feira (22), para repudiar a fala transf\u00f3bica do vereador de extrema direita L\u00facio Fl\u00e1vio, do Partido Liberal, que durante uma fala na tribuna da CMA, na quarta-feira (16), utilizou o pronome no masculino para se referir \u00e0 deputada estadual Linda Brasil (Psol).<\/p>\n\n\n\n<p>\u201cO vereador se referiu a uma deputada estadual, a nossa deputada Linda Brasil, do Psol, no g\u00eanero masculino, questionando a ida dela nas escolas. Ela foi convidada para fazer palestras, tem ido \u00e0s escolas, todas n\u00f3s vamos \u00e0s escolas quando somos convidadas, semana retrasada eu estava em uma escola fazendo uma oficina, com m\u00e3es trabalhadoras, a convite da coordena\u00e7\u00e3o, sobre as viol\u00eancias que n\u00f3s sofremos. E este parlamentar utilizou este p\u00falpito para uma fala transf\u00f3bica, todos ouviram e est\u00e1 gravado, e eu irei protocolar uma mo\u00e7\u00e3o de rep\u00fadio\u201d, disse Sonia Meire.<\/p>\n\n\n\n<p>A parlamentar destacou ainda que este mesmo parlamentar faz parte da Comiss\u00e3o de Direitos Humanos da C\u00e2mara, e que inclusive queria ser presidente desta comiss\u00e3o. Sonia Meire tamb\u00e9m repudiou a fala do deputado estadual Luiz\u00e3o Dona Trampi (Uni\u00e3o Brasil), tentando criminalizar a deputada Linda Brasil e tamb\u00e9m os professores das escolas estaduais.<\/p>\n\n\n\n<p>\u201cN\u00f3s queremos dizer a todos que saiam da frente com o seu \u00f3dio, porque n\u00f3s vamos passar com o respeito e o nosso amor. Vou protocolar a mo\u00e7\u00e3o de rep\u00fadio que vai passar por este Plen\u00e1rio. Eu estou aqui indignada desde a \u00faltima quarta-feira, quando foi feita a fala. E eu conto com o apoio dos vereadores, para mostrar que esta C\u00e2mara n\u00e3o \u00e9 conivente com transfobia, racismo, LGBTfobia ou qualquer outra forma de discrimina\u00e7\u00e3o contra qualquer ser humano\u201d, finalizou a vereadora Sonia Meire.<\/p>\n\n\n\n<p>Por Manuella Miranda &#8211; Foto: Luanna Pinheiro<\/p>\n","protected":false},"excerpt":{"rendered":"<p>A vereadora Sonia Meire (Psol) utilizou a tribuna da C\u00e2mara Municipal de Aracaju (CMA) durante o grande expediente nesta ter\u00e7a-feira (22), para repudiar a fala transf\u00f3bica do vereador de extrema direita L\u00facio Fl\u00e1vio, do Partido Liberal, que durante uma fala na tribuna da CMA, na quarta-feira (16), utilizou o pronome no masculino para se referir [&hellip;]<\/p>\n","protected":false},"author":2,"featured_media":4765,"comment_status":"open","ping_status":"open","sticky":false,"template":"","format":"standard","meta":{"footnotes":""},"categories":[6,2],"tags":[],"class_list":["post-4764","post","type-post","status-publish","format-standard","has-post-thumbnail","hentry","category-letreiro","category-politica"],"_links":{"self":[{"href":"https:\/\/espacolivresergipe.com.br\/index.php\/wp-json\/wp\/v2\/posts\/4764","targetHints":{"allow":["GET"]}}],"collection":[{"href":"https:\/\/espacolivresergipe.com.br\/index.php\/wp-json\/wp\/v2\/posts"}],"about":[{"href":"https:\/\/espacolivresergipe.com.br\/index.php\/wp-json\/wp\/v2\/types\/post"}],"author":[{"embeddable":true,"href":"https:\/\/espacolivresergipe.com.br\/index.php\/wp-json\/wp\/v2\/users\/2"}],"replies":[{"embeddable":true,"href":"https:\/\/espacolivresergipe.com.br\/index.php\/wp-json\/wp\/v2\/comments?post=4764"}],"version-history":[{"count":1,"href":"https:\/\/espacolivresergipe.com.br\/index.php\/wp-json\/wp\/v2\/posts\/4764\/revisions"}],"predecessor-version":[{"id":4766,"href":"https:\/\/espacolivresergipe.com.br\/index.php\/wp-json\/wp\/v2\/posts\/4764\/revisions\/4766"}],"wp:featuredmedia":[{"embeddable":true,"href":"https:\/\/espacolivresergipe.com.br\/index.php\/wp-json\/wp\/v2\/media\/4765"}],"wp:attachment":[{"href":"https:\/\/espacolivresergipe.com.br\/index.php\/wp-json\/wp\/v2\/media?parent=4764"}],"wp:term":[{"taxonomy":"category","embeddable":true,"href":"https:\/\/espacolivresergipe.com.br\/index.php\/wp-json\/wp\/v2\/categories?post=4764"},{"taxonomy":"post_tag","embeddable":true,"href":"https:\/\/espacolivresergipe.com.br\/index.php\/wp-json\/wp\/v2\/tags?post=4764"}],"curies":[{"name":"wp","href":"https:\/\/api.w.org\/{rel}","templated":true}]}}