{"id":4767,"date":"2025-04-22T14:19:25","date_gmt":"2025-04-22T17:19:25","guid":{"rendered":"https:\/\/espacolivresergipe.com.br\/?p=4767"},"modified":"2025-04-22T14:19:26","modified_gmt":"2025-04-22T17:19:26","slug":"central-garden-estreia-com-sucesso-a-nova-arena-de-beach-tennis-da-asa-no-lea-paim-open-em-aracaju","status":"publish","type":"post","link":"https:\/\/espacolivresergipe.com.br\/index.php\/2025\/04\/22\/central-garden-estreia-com-sucesso-a-nova-arena-de-beach-tennis-da-asa-no-lea-paim-open-em-aracaju\/","title":{"rendered":"Central Garden estreia com sucesso a nova Arena de Beach Tennis da ASA no L\u00e9a Paim Open, em Aracaju"},"content":{"rendered":"\n<p>Aracaju foi palco, entre os dias 9 e 13 de abril, de um dos eventos mais esperados e vibrantes do calend\u00e1rio esportivo sergipano: o L\u00e9a Paim Open de Beach Tennis. E a grande novidade desta edi\u00e7\u00e3o foi a estreia oficial da nova Arena de Beach Tennis da ASA, montada com exclusividade no Central Garden, bairro planejado da Construtora Celi.<\/p>\n\n\n\n<p>Esta foi a primeira vez que a arena recebeu um evento, marcando o in\u00edcio de um ciclo de ativa\u00e7\u00f5es esportivas que acontecer\u00e3o no local nos pr\u00f3ximos anos. A parceria entre a Construtora Celi e a ASA Arena simboliza um passo importante na consolida\u00e7\u00e3o do Central Garden como um novo ponto de encontro para pr\u00e1ticas esportivas, lazer e qualidade de vida em Aracaju.<\/p>\n\n\n\n<p>Com mais de 2.500 pessoas presentes ao longo de cinco dias intensos de disputas, o evento contou com o apoio da Celi e reuniu cerca de 500 atletas inscritos em 16 categorias amadoras e profissionais, garantindo partidas de alt\u00edssimo n\u00edvel t\u00e9cnico. Federado pela Associa\u00e7\u00e3o Sergipana de Beach Tennis (ASBT) e pela Federa\u00e7\u00e3o Sergipana da modalidade, o torneio pontua para os rankings locais e influencia diretamente na convoca\u00e7\u00e3o dos atletas que representar\u00e3o Sergipe na Copa das Federa\u00e7\u00f5es.<\/p>\n\n\n\n<p>\u201cA atmosfera foi \u00fanica! O evento se destacou pelo charme, estrutura impec\u00e1vel e ativa\u00e7\u00f5es das marcas parceiras, proporcionando uma experi\u00eancia inesquec\u00edvel para atletas e p\u00fablico\u201d, comentou Thiago Martins, da Martins Consultoria, respons\u00e1vel pelo marketing do torneio.<\/p>\n\n\n\n<p>Al\u00e9m da forte voca\u00e7\u00e3o para o lazer e o esporte, o Central Garden vem atraindo projetos e empreendimentos que compartilham a mesma vis\u00e3o de futuro para a cidade. Um exemplo importante \u00e9 a chegada da Nossa Escola, reconhecida em Aracaju por sua proposta pedag\u00f3gica inovadora, que abrir\u00e1 sua nova unidade no bairro a partir de 2026.<\/p>\n\n\n\n<p>A presen\u00e7a da escola reafirma o potencial do Central Garden como um ambiente completo, onde qualidade de vida, educa\u00e7\u00e3o e bem-estar caminham lado a lado.<\/p>\n\n\n\n<p>Com essa estreia marcante, o Central Garden se consolida como um projeto urban\u00edstico inovador, pensado para quem valoriza um novo estilo de vida, com mais conex\u00f5es, sa\u00fade e experi\u00eancias ao ar livre. A nova arena, que seguir\u00e1 em funcionamento nos pr\u00f3ximos anos, \u00e9 apenas o come\u00e7o de uma jornada que une esporte, comunidade e desenvolvimento urbano.<\/p>\n\n\n\n<p>Texto e foto Marcelo Carvalho<\/p>\n","protected":false},"excerpt":{"rendered":"<p>Aracaju foi palco, entre os dias 9 e 13 de abril, de um dos eventos mais esperados e vibrantes do calend\u00e1rio esportivo sergipano: o L\u00e9a Paim Open de Beach Tennis. E a grande novidade desta edi\u00e7\u00e3o foi a estreia oficial da nova Arena de Beach Tennis da ASA, montada com exclusividade no Central Garden, bairro [&hellip;]<\/p>\n","protected":false},"author":2,"featured_media":4768,"comment_status":"open","ping_status":"open","sticky":false,"template":"","format":"standard","meta":{"footnotes":""},"categories":[12,6,10],"tags":[],"class_list":["post-4767","post","type-post","status-publish","format-standard","has-post-thumbnail","hentry","category-agora","category-letreiro","category-noticias"],"_links":{"self":[{"href":"https:\/\/espacolivresergipe.com.br\/index.php\/wp-json\/wp\/v2\/posts\/4767","targetHints":{"allow":["GET"]}}],"collection":[{"href":"https:\/\/espacolivresergipe.com.br\/index.php\/wp-json\/wp\/v2\/posts"}],"about":[{"href":"https:\/\/espacolivresergipe.com.br\/index.php\/wp-json\/wp\/v2\/types\/post"}],"author":[{"embeddable":true,"href":"https:\/\/espacolivresergipe.com.br\/index.php\/wp-json\/wp\/v2\/users\/2"}],"replies":[{"embeddable":true,"href":"https:\/\/espacolivresergipe.com.br\/index.php\/wp-json\/wp\/v2\/comments?post=4767"}],"version-history":[{"count":1,"href":"https:\/\/espacolivresergipe.com.br\/index.php\/wp-json\/wp\/v2\/posts\/4767\/revisions"}],"predecessor-version":[{"id":4769,"href":"https:\/\/espacolivresergipe.com.br\/index.php\/wp-json\/wp\/v2\/posts\/4767\/revisions\/4769"}],"wp:featuredmedia":[{"embeddable":true,"href":"https:\/\/espacolivresergipe.com.br\/index.php\/wp-json\/wp\/v2\/media\/4768"}],"wp:attachment":[{"href":"https:\/\/espacolivresergipe.com.br\/index.php\/wp-json\/wp\/v2\/media?parent=4767"}],"wp:term":[{"taxonomy":"category","embeddable":true,"href":"https:\/\/espacolivresergipe.com.br\/index.php\/wp-json\/wp\/v2\/categories?post=4767"},{"taxonomy":"post_tag","embeddable":true,"href":"https:\/\/espacolivresergipe.com.br\/index.php\/wp-json\/wp\/v2\/tags?post=4767"}],"curies":[{"name":"wp","href":"https:\/\/api.w.org\/{rel}","templated":true}]}}