{"id":496,"date":"2025-03-15T09:33:36","date_gmt":"2025-03-15T12:33:36","guid":{"rendered":"https:\/\/espacolivresergipe.com.br\/?p=496"},"modified":"2025-03-15T09:34:37","modified_gmt":"2025-03-15T12:34:37","slug":"condutor-fica-ferido-apos-colidir-com-mureta-de-ponte-na-br-235-em-laranjeiras","status":"publish","type":"post","link":"https:\/\/espacolivresergipe.com.br\/index.php\/2025\/03\/15\/condutor-fica-ferido-apos-colidir-com-mureta-de-ponte-na-br-235-em-laranjeiras\/","title":{"rendered":"Condutor fica ferido ap\u00f3s colidir com mureta de ponte na BR-235, em Laranjeiras"},"content":{"rendered":"\n<p>O motorista de um carro de passeio ficou ferido nesta sexta-feira (14), ap\u00f3s perder o controle da dire\u00e7\u00e3o do carro e colidir com a lateral da ponte, quando trafegava com destino a Itabaiana, na BR-235, no munic\u00edpio de Laranjeiras..<\/p>\n\n\n\n<p>As informa\u00e7\u00f5es passadas pela Pol\u00edcia Rodovi\u00e1ria Federal (PRF) s\u00e3o de que uma equipe do Servi\u00e7o de Atendimento M\u00f3vel de Urg\u00eancia (Samu) foi acionada e prestou os primeiros socorros e sem seguida a v\u00edtima, que foi levada ao Hospital Regional de Itabaiana.<\/p>\n\n\n\n<p>Foto redes sociais<\/p>\n","protected":false},"excerpt":{"rendered":"<p>O motorista de um carro de passeio ficou ferido nesta sexta-feira (14), ap\u00f3s perder o controle da dire\u00e7\u00e3o do carro e colidir com a lateral da ponte, quando trafegava com destino a Itabaiana, na BR-235, no munic\u00edpio de Laranjeiras.. As informa\u00e7\u00f5es passadas pela Pol\u00edcia Rodovi\u00e1ria Federal (PRF) s\u00e3o de que uma equipe do Servi\u00e7o de [&hellip;]<\/p>\n","protected":false},"author":2,"featured_media":497,"comment_status":"open","ping_status":"open","sticky":false,"template":"","format":"standard","meta":{"footnotes":""},"categories":[12,6,10],"tags":[],"class_list":["post-496","post","type-post","status-publish","format-standard","has-post-thumbnail","hentry","category-agora","category-letreiro","category-noticias"],"_links":{"self":[{"href":"https:\/\/espacolivresergipe.com.br\/index.php\/wp-json\/wp\/v2\/posts\/496","targetHints":{"allow":["GET"]}}],"collection":[{"href":"https:\/\/espacolivresergipe.com.br\/index.php\/wp-json\/wp\/v2\/posts"}],"about":[{"href":"https:\/\/espacolivresergipe.com.br\/index.php\/wp-json\/wp\/v2\/types\/post"}],"author":[{"embeddable":true,"href":"https:\/\/espacolivresergipe.com.br\/index.php\/wp-json\/wp\/v2\/users\/2"}],"replies":[{"embeddable":true,"href":"https:\/\/espacolivresergipe.com.br\/index.php\/wp-json\/wp\/v2\/comments?post=496"}],"version-history":[{"count":2,"href":"https:\/\/espacolivresergipe.com.br\/index.php\/wp-json\/wp\/v2\/posts\/496\/revisions"}],"predecessor-version":[{"id":500,"href":"https:\/\/espacolivresergipe.com.br\/index.php\/wp-json\/wp\/v2\/posts\/496\/revisions\/500"}],"wp:featuredmedia":[{"embeddable":true,"href":"https:\/\/espacolivresergipe.com.br\/index.php\/wp-json\/wp\/v2\/media\/497"}],"wp:attachment":[{"href":"https:\/\/espacolivresergipe.com.br\/index.php\/wp-json\/wp\/v2\/media?parent=496"}],"wp:term":[{"taxonomy":"category","embeddable":true,"href":"https:\/\/espacolivresergipe.com.br\/index.php\/wp-json\/wp\/v2\/categories?post=496"},{"taxonomy":"post_tag","embeddable":true,"href":"https:\/\/espacolivresergipe.com.br\/index.php\/wp-json\/wp\/v2\/tags?post=496"}],"curies":[{"name":"wp","href":"https:\/\/api.w.org\/{rel}","templated":true}]}}