{"id":551,"date":"2025-03-17T06:41:27","date_gmt":"2025-03-17T09:41:27","guid":{"rendered":"https:\/\/espacolivresergipe.com.br\/?p=551"},"modified":"2025-03-17T06:42:47","modified_gmt":"2025-03-17T09:42:47","slug":"pc-prende-homem-condenado-por-estupro-do-proprio-filho-de-apenas-tres-anos-em-aracaju","status":"publish","type":"post","link":"https:\/\/espacolivresergipe.com.br\/index.php\/2025\/03\/17\/pc-prende-homem-condenado-por-estupro-do-proprio-filho-de-apenas-tres-anos-em-aracaju\/","title":{"rendered":"PC prende homem condenado por estupro do filho de apenas tr\u00eas anos em Aracaju"},"content":{"rendered":"\n<p>Policiais do Cope, com apoio da Dipol, prendeu na noite da sexta-feira (14) em Aracaju, um homem acusado por estupro de vulner\u00e1vel, ocorrido em 2016.<\/p>\n\n\n\n<p>O investigado possu\u00eda um mandado de pris\u00e3o em aberto, expedido pela 6\u00aa Vara Criminal de Aracaju, ap\u00f3s ter sido condenado definitivamente a mais de 16 anos de pris\u00e3o pela pr\u00e1tica do crime de estupro de vulner\u00e1vel, e estava foragido desde setembro de 2024.<\/p>\n\n\n\n<p>Diante do mandado de pris\u00e3o em aberto, a Dipol realizou os levantamentos necess\u00e1rios e identificou que o acusado estava trabalhando no bairro Get\u00falio Vargas. O Cope foi acionado e conseguiu localiz\u00e1-lo e prend\u00ea-lo, cumprindo a determina\u00e7\u00e3o da Justi\u00e7a.<\/p>\n\n\n\n<p>Delito<\/p>\n\n\n\n<p>Na ocasi\u00e3o do crime, no ano de 2016, o condenado foi investigado por ter abusado sexualmente do pr\u00f3prio filho, de apenas tr\u00eas anos de idade. A m\u00e3e da crian\u00e7a, ent\u00e3o esposa do condenado, percebeu os abusos e procurou o Departamento de Atendimento a Grupos Vulner\u00e1veis (DAGV), que investigou e confirmou a pr\u00e1tica criminosa.<\/p>\n\n\n\n<p>Durante as investiga\u00e7\u00f5es, foram identificados ind\u00edcios de que o homem tamb\u00e9m teria abusado sexualmente de outras duas crian\u00e7as da fam\u00edlia. Entretanto, tais crimes n\u00e3o foram comprovados, porque o respons\u00e1vel pelos menores negou os abusos.<\/p>\n\n\n\n<p>Ap\u00f3s a pris\u00e3o dessa sexta, o condenado foi conduzido ao Cope, e, posteriormente, ser\u00e1 encaminhado \u00e0 audi\u00eancia de cust\u00f3dia e transferido para o sistema prisional.<\/p>\n\n\n\n<p>Com informa\u00e7\u00f5es da SSP<\/p>\n","protected":false},"excerpt":{"rendered":"<p>Policiais do Cope, com apoio da Dipol, prendeu na noite da sexta-feira (14) em Aracaju, um homem acusado por estupro de vulner\u00e1vel, ocorrido em 2016. O investigado possu\u00eda um mandado de pris\u00e3o em aberto, expedido pela 6\u00aa Vara Criminal de Aracaju, ap\u00f3s ter sido condenado definitivamente a mais de 16 anos de pris\u00e3o pela pr\u00e1tica [&hellip;]<\/p>\n","protected":false},"author":2,"featured_media":552,"comment_status":"open","ping_status":"open","sticky":false,"template":"","format":"standard","meta":{"footnotes":""},"categories":[11,6,3],"tags":[],"class_list":["post-551","post","type-post","status-publish","format-standard","has-post-thumbnail","hentry","category-destaque","category-letreiro","category-policia"],"_links":{"self":[{"href":"https:\/\/espacolivresergipe.com.br\/index.php\/wp-json\/wp\/v2\/posts\/551","targetHints":{"allow":["GET"]}}],"collection":[{"href":"https:\/\/espacolivresergipe.com.br\/index.php\/wp-json\/wp\/v2\/posts"}],"about":[{"href":"https:\/\/espacolivresergipe.com.br\/index.php\/wp-json\/wp\/v2\/types\/post"}],"author":[{"embeddable":true,"href":"https:\/\/espacolivresergipe.com.br\/index.php\/wp-json\/wp\/v2\/users\/2"}],"replies":[{"embeddable":true,"href":"https:\/\/espacolivresergipe.com.br\/index.php\/wp-json\/wp\/v2\/comments?post=551"}],"version-history":[{"count":2,"href":"https:\/\/espacolivresergipe.com.br\/index.php\/wp-json\/wp\/v2\/posts\/551\/revisions"}],"predecessor-version":[{"id":554,"href":"https:\/\/espacolivresergipe.com.br\/index.php\/wp-json\/wp\/v2\/posts\/551\/revisions\/554"}],"wp:featuredmedia":[{"embeddable":true,"href":"https:\/\/espacolivresergipe.com.br\/index.php\/wp-json\/wp\/v2\/media\/552"}],"wp:attachment":[{"href":"https:\/\/espacolivresergipe.com.br\/index.php\/wp-json\/wp\/v2\/media?parent=551"}],"wp:term":[{"taxonomy":"category","embeddable":true,"href":"https:\/\/espacolivresergipe.com.br\/index.php\/wp-json\/wp\/v2\/categories?post=551"},{"taxonomy":"post_tag","embeddable":true,"href":"https:\/\/espacolivresergipe.com.br\/index.php\/wp-json\/wp\/v2\/tags?post=551"}],"curies":[{"name":"wp","href":"https:\/\/api.w.org\/{rel}","templated":true}]}}