{"id":5693,"date":"2025-04-30T04:53:06","date_gmt":"2025-04-30T07:53:06","guid":{"rendered":"https:\/\/espacolivresergipe.com.br\/?p=5693"},"modified":"2025-04-30T04:53:07","modified_gmt":"2025-04-30T07:53:07","slug":"senado-aprova-projeto-de-laercio-que-permite-uso-de-recursos-parados-para-obras-em-escolas-e-creches","status":"publish","type":"post","link":"https:\/\/espacolivresergipe.com.br\/index.php\/2025\/04\/30\/senado-aprova-projeto-de-laercio-que-permite-uso-de-recursos-parados-para-obras-em-escolas-e-creches\/","title":{"rendered":"Senado aprova projeto de La\u00e9rcio que permite uso de recursos parados para obras em escolas e creches"},"content":{"rendered":"\n<p>O Plen\u00e1rio do Senado aprovou hoje o Projeto de Lei Complementar (PLP) n\u00ba 48, de 2023, de autoria do senador La\u00e9rcio Oliveira (PP-SE), que autoriza estados e munic\u00edpios a utilizarem recursos federais inativos na \u00e1rea da Educa\u00e7\u00e3o para obras e melhorias em escolas e creches. A proposta visa combater o desperd\u00edcio de verbas p\u00fablicas e acelerar investimentos essenciais na infraestrutura escolar.<\/p>\n\n\n\n<p>Em discurso na tribuna, o senador La\u00e9rcio destacou que \u201co dinheiro p\u00fablico mais mal-empregado \u00e9 o da obra inacabada, da a\u00e7\u00e3o paralisada\u201d. Segundo ele, a proposta busca dar uma nova destina\u00e7\u00e3o a recursos que atualmente est\u00e3o &#8220;empo\u00e7ados&#8221; \u2014 isto \u00e9, parados nas contas dos entes federados devido a entraves burocr\u00e1ticos, como a vincula\u00e7\u00e3o excessiva a programas espec\u00edficos, falhas de projeto e prazos vencidos.<\/p>\n\n\n\n<p>De acordo com dados do Painel de Investimentos em Educa\u00e7\u00e3o B\u00e1sica, em abril de 2022 prefeituras e governos estaduais detinham mais de R$ 15 bilh\u00f5es em saldos. Esses valores deveriam ter sido aplicados em a\u00e7\u00f5es como a compra de equipamentos, manuten\u00e7\u00e3o de escolas e transporte escolar, mas acabaram inutilizados por dificuldades administrativas.<\/p>\n\n\n\n<p>Para La\u00e9rcio Oliveira, o projeto \u00e9 uma medida l\u00f3gica e urgente. \u201cVemos pelo notici\u00e1rio e sentimos na pele em nossas andan\u00e7as pelo interior que muitas cidades ainda sofrem com a falta de salas de aula adequadas, banheiros, sinal de internet e at\u00e9 \u00e1gua pot\u00e1vel\u201d, afirmou.<\/p>\n\n\n\n<p>Ele citou ainda dados preocupantes da educa\u00e7\u00e3o em Sergipe, onde apenas um em cada cinco alunos da rede p\u00fablica alcan\u00e7a aprendizagem adequada em L\u00edngua Portuguesa at\u00e9 o nono ano e apenas 52% dos jovens concluem o Ensino M\u00e9dio at\u00e9 os 19 anos.<\/p>\n\n\n\n<p>A proposta aprovada permitir\u00e1 que estados e munic\u00edpios remanejem esses recursos inativos para outras finalidades dentro da pr\u00f3pria \u00e1rea da Educa\u00e7\u00e3o, sem necessidade de cria\u00e7\u00e3o de novas despesas. O senador defendeu que essa mudan\u00e7a representa uma forma de garantir o cumprimento da promessa constitucional de transformar a arrecada\u00e7\u00e3o de impostos em benef\u00edcios concretos para a popula\u00e7\u00e3o.<\/p>\n\n\n\n<p>&nbsp;\u201cCertas a\u00e7\u00f5es, simplesmente, n\u00e3o podem ficar para depois. Esse movimento deve come\u00e7ar pela Educa\u00e7\u00e3o P\u00fablica, onde preparamos um futuro melhor para nossas crian\u00e7as, nossos jovens e nosso pa\u00eds\u201d, concluiu o senador.<\/p>\n\n\n\n<p>Agora, o projeto segue para an\u00e1lise da C\u00e2mara dos Deputados.<\/p>\n\n\n\n<p>Por Carla Passos &#8211; Foto: assessoria<\/p>\n","protected":false},"excerpt":{"rendered":"<p>O Plen\u00e1rio do Senado aprovou hoje o Projeto de Lei Complementar (PLP) n\u00ba 48, de 2023, de autoria do senador La\u00e9rcio Oliveira (PP-SE), que autoriza estados e munic\u00edpios a utilizarem recursos federais inativos na \u00e1rea da Educa\u00e7\u00e3o para obras e melhorias em escolas e creches. A proposta visa combater o desperd\u00edcio de verbas p\u00fablicas e [&hellip;]<\/p>\n","protected":false},"author":2,"featured_media":5694,"comment_status":"open","ping_status":"open","sticky":false,"template":"","format":"standard","meta":{"footnotes":""},"categories":[11,6,2],"tags":[],"class_list":["post-5693","post","type-post","status-publish","format-standard","has-post-thumbnail","hentry","category-destaque","category-letreiro","category-politica"],"_links":{"self":[{"href":"https:\/\/espacolivresergipe.com.br\/index.php\/wp-json\/wp\/v2\/posts\/5693","targetHints":{"allow":["GET"]}}],"collection":[{"href":"https:\/\/espacolivresergipe.com.br\/index.php\/wp-json\/wp\/v2\/posts"}],"about":[{"href":"https:\/\/espacolivresergipe.com.br\/index.php\/wp-json\/wp\/v2\/types\/post"}],"author":[{"embeddable":true,"href":"https:\/\/espacolivresergipe.com.br\/index.php\/wp-json\/wp\/v2\/users\/2"}],"replies":[{"embeddable":true,"href":"https:\/\/espacolivresergipe.com.br\/index.php\/wp-json\/wp\/v2\/comments?post=5693"}],"version-history":[{"count":1,"href":"https:\/\/espacolivresergipe.com.br\/index.php\/wp-json\/wp\/v2\/posts\/5693\/revisions"}],"predecessor-version":[{"id":5695,"href":"https:\/\/espacolivresergipe.com.br\/index.php\/wp-json\/wp\/v2\/posts\/5693\/revisions\/5695"}],"wp:featuredmedia":[{"embeddable":true,"href":"https:\/\/espacolivresergipe.com.br\/index.php\/wp-json\/wp\/v2\/media\/5694"}],"wp:attachment":[{"href":"https:\/\/espacolivresergipe.com.br\/index.php\/wp-json\/wp\/v2\/media?parent=5693"}],"wp:term":[{"taxonomy":"category","embeddable":true,"href":"https:\/\/espacolivresergipe.com.br\/index.php\/wp-json\/wp\/v2\/categories?post=5693"},{"taxonomy":"post_tag","embeddable":true,"href":"https:\/\/espacolivresergipe.com.br\/index.php\/wp-json\/wp\/v2\/tags?post=5693"}],"curies":[{"name":"wp","href":"https:\/\/api.w.org\/{rel}","templated":true}]}}