{"id":5699,"date":"2025-04-30T05:14:17","date_gmt":"2025-04-30T08:14:17","guid":{"rendered":"https:\/\/espacolivresergipe.com.br\/?p=5699"},"modified":"2025-04-30T05:24:38","modified_gmt":"2025-04-30T08:24:38","slug":"estado-de-sergipe-se-destaca-no-combate-a-desigualdade-no-pais","status":"publish","type":"post","link":"https:\/\/espacolivresergipe.com.br\/index.php\/2025\/04\/30\/estado-de-sergipe-se-destaca-no-combate-a-desigualdade-no-pais\/","title":{"rendered":"Estado de Sergipe se destaca no combate \u00e0 desigualdade no pa\u00eds"},"content":{"rendered":"\n<p>Sergipe foi o estado que mais se destacou no combate \u00e0 desigualdade no pa\u00eds. Nesta ter\u00e7a-feira, 29 de abril, durante o Pr\u00eamio Nacional de Inclus\u00e3o Socioecon\u00f4mica, promovido pelo Governo Federal, por meio do Minist\u00e9rio do Desenvolvimento e Assist\u00eancia Social, Fam\u00edlia e Combate \u00e0 Fome (MDS), o estado ficou em primeiro lugar na categoria Combate \u00e0 Desigualdade.<\/p>\n\n\n\n<p>Sergipe teve o melhor desempenho no \u00cdndice Brasileiro de Empregabilidade e Mercado de Trabalho (IBEM\/ FGV), sendo a unidade da Federa\u00e7\u00e3o com o maior crescimento na renda do trabalho no ano passado (32,47%). Pernambuco ficou em segundo lugar (19,78%) e a Bahia em terceiro (19,42%).<\/p>\n\n\n\n<p>Na categoria Empreendedorismo e Fomento, que premia hist\u00f3rias inspiradoras de micro e pequenos empreendedores que superaram situa\u00e7\u00f5es de vulnerabilidade social, Sergipe teve um vencedor da cidade de Lagarto.<\/p>\n\n\n\n<p>ACREDITA \u2014 A premia\u00e7\u00e3o faz parte da agenda do Programa Acredita no Primeiro Passo e foi criada com o objetivo de valorizar as iniciativas que melhor promovem oportunidades de gera\u00e7\u00e3o de renda, qualifica\u00e7\u00e3o profissional e empreendedorismo para fam\u00edlias inscritas no Cadastro \u00danico.<\/p>\n\n\n\n<p>O ministro Wellington Dias destacou a import\u00e2ncia do evento para o momento de reconstru\u00e7\u00e3o que o Brasil est\u00e1 vivendo. &#8220;N\u00f3s tivemos uma redu\u00e7\u00e3o da fome j\u00e1 em 2023 e, tamb\u00e9m, a gente reduziu a chamada linha da pobreza. Um trabalho cont\u00ednuo. E isso aconteceu com o envolvimento de munic\u00edpios, estados, setor privado, empresas, empreendedorismo. Agora, n\u00f3s temos a oportunidade de reconhecer os melhores resultados. \u00c9 a premia\u00e7\u00e3o de um campeonato do bem&#8221;, pontuou.<\/p>\n\n\n\n<p>A lista completa dos vencedores est\u00e1 dispon\u00edvel no site <a href=\"http:\/\/www.gov.br\/mds\">www.gov.br\/mds<\/a><\/p>\n\n\n\n<p>Fonte: Secretaria de Comunica\u00e7\u00e3o Social da Presid\u00eancia da Rep\u00fablica<\/p>\n","protected":false},"excerpt":{"rendered":"<p>Sergipe foi o estado que mais se destacou no combate \u00e0 desigualdade no pa\u00eds. Nesta ter\u00e7a-feira, 29 de abril, durante o Pr\u00eamio Nacional de Inclus\u00e3o Socioecon\u00f4mica, promovido pelo Governo Federal, por meio do Minist\u00e9rio do Desenvolvimento e Assist\u00eancia Social, Fam\u00edlia e Combate \u00e0 Fome (MDS), o estado ficou em primeiro lugar na categoria Combate \u00e0 [&hellip;]<\/p>\n","protected":false},"author":2,"featured_media":5700,"comment_status":"open","ping_status":"open","sticky":false,"template":"","format":"standard","meta":{"footnotes":""},"categories":[13,4,7],"tags":[],"class_list":["post-5699","post","type-post","status-publish","format-standard","has-post-thumbnail","hentry","category-acontece","category-economia","category-sergipe"],"_links":{"self":[{"href":"https:\/\/espacolivresergipe.com.br\/index.php\/wp-json\/wp\/v2\/posts\/5699","targetHints":{"allow":["GET"]}}],"collection":[{"href":"https:\/\/espacolivresergipe.com.br\/index.php\/wp-json\/wp\/v2\/posts"}],"about":[{"href":"https:\/\/espacolivresergipe.com.br\/index.php\/wp-json\/wp\/v2\/types\/post"}],"author":[{"embeddable":true,"href":"https:\/\/espacolivresergipe.com.br\/index.php\/wp-json\/wp\/v2\/users\/2"}],"replies":[{"embeddable":true,"href":"https:\/\/espacolivresergipe.com.br\/index.php\/wp-json\/wp\/v2\/comments?post=5699"}],"version-history":[{"count":1,"href":"https:\/\/espacolivresergipe.com.br\/index.php\/wp-json\/wp\/v2\/posts\/5699\/revisions"}],"predecessor-version":[{"id":5701,"href":"https:\/\/espacolivresergipe.com.br\/index.php\/wp-json\/wp\/v2\/posts\/5699\/revisions\/5701"}],"wp:featuredmedia":[{"embeddable":true,"href":"https:\/\/espacolivresergipe.com.br\/index.php\/wp-json\/wp\/v2\/media\/5700"}],"wp:attachment":[{"href":"https:\/\/espacolivresergipe.com.br\/index.php\/wp-json\/wp\/v2\/media?parent=5699"}],"wp:term":[{"taxonomy":"category","embeddable":true,"href":"https:\/\/espacolivresergipe.com.br\/index.php\/wp-json\/wp\/v2\/categories?post=5699"},{"taxonomy":"post_tag","embeddable":true,"href":"https:\/\/espacolivresergipe.com.br\/index.php\/wp-json\/wp\/v2\/tags?post=5699"}],"curies":[{"name":"wp","href":"https:\/\/api.w.org\/{rel}","templated":true}]}}