{"id":5711,"date":"2025-04-30T06:06:41","date_gmt":"2025-04-30T09:06:41","guid":{"rendered":"https:\/\/espacolivresergipe.com.br\/?p=5711"},"modified":"2025-04-30T06:06:42","modified_gmt":"2025-04-30T09:06:42","slug":"emilia-correa-anuncia-maior-programa-de-regularizacao-dos-debitos-municipais-da-historia-de-aracaju","status":"publish","type":"post","link":"https:\/\/espacolivresergipe.com.br\/index.php\/2025\/04\/30\/emilia-correa-anuncia-maior-programa-de-regularizacao-dos-debitos-municipais-da-historia-de-aracaju\/","title":{"rendered":"Em\u00edlia Corr\u00eaa anuncia maior programa de regulariza\u00e7\u00e3o dos d\u00e9bitos municipais da hist\u00f3ria de Aracaju"},"content":{"rendered":"\n<p>A prefeita de Aracaju, Em\u00edlia Corr\u00eaa, anunciou nesta ter\u00e7a-feira, 29, a implementa\u00e7\u00e3o do Programa de Regulariza\u00e7\u00e3o de D\u00e9bitos com o munic\u00edpio. O Projeto de Lei (PL) ser\u00e1 enviado \u00e0 C\u00e2mara Municipal de Aracaju (CMA) nos pr\u00f3ximos dias. A proposta foi apresentada durante uma reuni\u00e3o-almo\u00e7o com empres\u00e1rios da capital, promovida pelo F\u00f3rum Empresarial de Sergipe .<\/p>\n\n\n\n<p>De acordo com a chefe do Executivo municipal, o programa ser\u00e1 o maior da hist\u00f3ria da cidade. \u201cQueremos agir com rapidez e, por isso, vamos acelerar o envio do projeto de lei \u00e0 C\u00e2mara Municipal. A proposta cria um instrumento que viabiliza a regulariza\u00e7\u00e3o de d\u00e9bitos, tanto de pessoas f\u00edsicas quanto jur\u00eddicas, sejam elas respons\u00e1veis por tributos ou por outras obriga\u00e7\u00f5es com o munic\u00edpio. Essa medida chega em boa hora. Muitos empreendedores e cidad\u00e3os acumulam pend\u00eancias que, por diversos motivos, n\u00e3o conseguiram resolver. Agora, com esse programa, surge a chance de renegociar essas d\u00edvidas de forma mais justa, dando f\u00f4lego para quem deseja continuar contribuindo com o desenvolvimento da cidade. \u00c9 um passo importante para fortalecer a economia local e garantir maior equil\u00edbrio fiscal\u201d, salientou Em\u00edlia Corr\u00eaa.<\/p>\n\n\n\n<p>O vereador L\u00facio Fl\u00e1vio, vice-l\u00edder da prefeita na CMA, destacou a import\u00e2ncia do programa. \u201cSou um parlamentar que sempre teve o trabalho pautado na \u00e1rea do ambiente empreendedor, da gera\u00e7\u00e3o de emprego e renda. Por isso, essa iniciativa \u00e9 simb\u00f3lica, diante das condi\u00e7\u00f5es desesperadoras enfrentadas por alguns neg\u00f3cios, especialmente no centro. Esse socorro, por meio do PL enviado pela prefeita Em\u00edlia Corr\u00eaa, vem justamente para contribuir com a sobreviv\u00eancia e, em muitos casos, com a recupera\u00e7\u00e3o dessas atividades. Isso evidencia, mais uma vez, a abertura da gest\u00e3o ao di\u00e1logo com quem gera emprego e renda\u201d, frisou.<\/p>\n\n\n\n<p>Di\u00e1logo com empres\u00e1rios<\/p>\n\n\n\n<p>A convite do F\u00f3rum Empresarial de Sergipe, a prefeita Em\u00edlia Corr\u00eaa participou de um encontro com representantes do setor produtivo para apresentar as iniciativas que a gest\u00e3o municipal vem desenvolvendo com foco no fortalecimento da economia local. Durante a exposi\u00e7\u00e3o, foram destacados temas como a requalifica\u00e7\u00e3o do centro da cidade, a busca por parcerias p\u00fablico-privadas, e a realiza\u00e7\u00e3o de um censo que est\u00e1 mapeando a atividade comercial da regi\u00e3o central, cujo relat\u00f3rio final ser\u00e1 entregue em maio de 2025.<\/p>\n\n\n\n<p>A prefeita tamb\u00e9m abordou a\u00e7\u00f5es voltadas ao apoio ao Microempreendedor Individual (MEI), a cria\u00e7\u00e3o do Conselho Municipal de Desenvolvimento Econ\u00f4mico, estrat\u00e9gias para atra\u00e7\u00e3o de ind\u00fastrias e empresas, al\u00e9m da promo\u00e7\u00e3o de grandes eventos como forma de estimular neg\u00f3cios e criar um ambiente favor\u00e1vel \u00e0 educa\u00e7\u00e3o tecnol\u00f3gica, inova\u00e7\u00e3o e ao crescimento do ecossistema empreendedor em Aracaju.<\/p>\n\n\n\n<p>\u201cEsse \u00e9 um ambiente que a gente respeita e reconhece como fundamental para o desenvolvimento da nossa cidade. J\u00e1 tive a oportunidade de conversar, em outros momentos, com representantes de diversas empresas, e posso afirmar que esse di\u00e1logo \u00e9 sempre muito produtivo. \u00c9 assim que precisa ser: temos caminhado por todos os espa\u00e7os, em diferentes esferas, ouvindo e conversando. \u00c9 nesse contato direto que recebemos contribui\u00e7\u00f5es valiosas, baseadas na experi\u00eancia, no conhecimento e na vis\u00e3o de quem atua diariamente no setor. Sabemos o quanto essa parceria ser\u00e1 indispens\u00e1vel, e reafirmo aqui o nosso compromisso em constru\u00ed-la juntos\u201d, disse a prefeita Em\u00edlia Corr\u00eaa.<\/p>\n\n\n\n<p>O coordenador do F\u00f3rum Empresarial de Sergipe, Sandro Moura, ressaltou a relev\u00e2ncia da aproxima\u00e7\u00e3o com a Prefeitura de Aracaju. \u201cSomos uma entidade que compreende 35 sindicatos e federa\u00e7\u00f5es, representando todo o setor produtivo. Ent\u00e3o essa \u00e9 uma oportunidade que n\u00f3s vamos ter de dialogar com a prefeita, dela apresentar os projetos da gest\u00e3o para o com\u00e9rcio e para as empresas de Aracaju, mostrando qual \u00e9 a capacidade que a prefeitura tem hoje de compra para as nossas empresas\u201d, disse ele, destacando que o setor tamb\u00e9m busca entender a proposta do Executivo municipal para a melhoria do ambiente e neg\u00f3cios na capital. \u201cPara n\u00f3s \u00e9 uma satisfa\u00e7\u00e3o imensa esse momento de di\u00e1logo\u201d, pontuou.<\/p>\n\n\n\n<p>A aproxima\u00e7\u00e3o com o setor produtivo tamb\u00e9m foi comemorada pelo secret\u00e1rio do Desenvolvimento Econ\u00f4mico e Inova\u00e7\u00e3o, Dilermando J\u00fanior. \u201cO empres\u00e1rio tem que fazer parte da constru\u00e7\u00e3o desse projeto. A opini\u00e3o deles \u00e9 muito importante. N\u00e3o se deve haver imposi\u00e7\u00e3o do Poder Executivo e sim construir um ideal para que seja favor\u00e1vel, para que eles possam crescer e desenvolver, gerando emprego, renda e melhorando a economia da nossa cidade\u201d, concluiu.<\/p>\n\n\n\n<p>Foto: Karla Tavares\/PMA<\/p>\n","protected":false},"excerpt":{"rendered":"<p>A prefeita de Aracaju, Em\u00edlia Corr\u00eaa, anunciou nesta ter\u00e7a-feira, 29, a implementa\u00e7\u00e3o do Programa de Regulariza\u00e7\u00e3o de D\u00e9bitos com o munic\u00edpio. O Projeto de Lei (PL) ser\u00e1 enviado \u00e0 C\u00e2mara Municipal de Aracaju (CMA) nos pr\u00f3ximos dias. A proposta foi apresentada durante uma reuni\u00e3o-almo\u00e7o com empres\u00e1rios da capital, promovida pelo F\u00f3rum Empresarial de Sergipe . [&hellip;]<\/p>\n","protected":false},"author":2,"featured_media":5712,"comment_status":"open","ping_status":"open","sticky":false,"template":"","format":"standard","meta":{"footnotes":""},"categories":[11,6,2],"tags":[],"class_list":["post-5711","post","type-post","status-publish","format-standard","has-post-thumbnail","hentry","category-destaque","category-letreiro","category-politica"],"_links":{"self":[{"href":"https:\/\/espacolivresergipe.com.br\/index.php\/wp-json\/wp\/v2\/posts\/5711","targetHints":{"allow":["GET"]}}],"collection":[{"href":"https:\/\/espacolivresergipe.com.br\/index.php\/wp-json\/wp\/v2\/posts"}],"about":[{"href":"https:\/\/espacolivresergipe.com.br\/index.php\/wp-json\/wp\/v2\/types\/post"}],"author":[{"embeddable":true,"href":"https:\/\/espacolivresergipe.com.br\/index.php\/wp-json\/wp\/v2\/users\/2"}],"replies":[{"embeddable":true,"href":"https:\/\/espacolivresergipe.com.br\/index.php\/wp-json\/wp\/v2\/comments?post=5711"}],"version-history":[{"count":1,"href":"https:\/\/espacolivresergipe.com.br\/index.php\/wp-json\/wp\/v2\/posts\/5711\/revisions"}],"predecessor-version":[{"id":5713,"href":"https:\/\/espacolivresergipe.com.br\/index.php\/wp-json\/wp\/v2\/posts\/5711\/revisions\/5713"}],"wp:featuredmedia":[{"embeddable":true,"href":"https:\/\/espacolivresergipe.com.br\/index.php\/wp-json\/wp\/v2\/media\/5712"}],"wp:attachment":[{"href":"https:\/\/espacolivresergipe.com.br\/index.php\/wp-json\/wp\/v2\/media?parent=5711"}],"wp:term":[{"taxonomy":"category","embeddable":true,"href":"https:\/\/espacolivresergipe.com.br\/index.php\/wp-json\/wp\/v2\/categories?post=5711"},{"taxonomy":"post_tag","embeddable":true,"href":"https:\/\/espacolivresergipe.com.br\/index.php\/wp-json\/wp\/v2\/tags?post=5711"}],"curies":[{"name":"wp","href":"https:\/\/api.w.org\/{rel}","templated":true}]}}