{"id":5714,"date":"2025-04-30T06:30:16","date_gmt":"2025-04-30T09:30:16","guid":{"rendered":"https:\/\/espacolivresergipe.com.br\/?p=5714"},"modified":"2025-04-30T06:30:17","modified_gmt":"2025-04-30T09:30:17","slug":"vereador-binho-apresenta-balanco-das-acoes-em-prol-da-comunidade-no-mes-de-abril","status":"publish","type":"post","link":"https:\/\/espacolivresergipe.com.br\/index.php\/2025\/04\/30\/vereador-binho-apresenta-balanco-das-acoes-em-prol-da-comunidade-no-mes-de-abril\/","title":{"rendered":"Vereador Binho apresenta balan\u00e7o das a\u00e7\u00f5es em prol da comunidade no m\u00eas de abril"},"content":{"rendered":"\n<p>O m\u00eas de abril foi marcado por uma intensa agenda do vereador Binho, que esteve presente em diversos bairros de Aracaju ouvindo a popula\u00e7\u00e3o, visitando \u00f3rg\u00e3os p\u00fablicos e cobrando melhorias para a cidade. Confira um resumo das principais a\u00e7\u00f5es realizadas:<\/p>\n\n\n\n<p>Audi\u00eancia p\u00fablica sobre o esporte em Aracaju<\/p>\n\n\n\n<p>Logo no in\u00edcio do m\u00eas, no dia 1\u00ba de abril, o vereador promoveu a audi\u00eancia p\u00fablica \u201cCen\u00e1rio do Esporte em Aracaju\u201d. O encontro foi um importante espa\u00e7o de di\u00e1logo com atletas, profissionais da \u00e1rea e representantes da sociedade civil, debatendo desafios e propostas para o fortalecimento do esporte local.<\/p>\n\n\n\n<p>Reuni\u00e3o com a prefeita Em\u00edlia Corr\u00eaa<\/p>\n\n\n\n<p>No dia 3, Binho esteve com a prefeita Em\u00edlia Corr\u00eaa, levando demandas urgentes de diversas comunidades, como os conjuntos Almirante Tamandar\u00e9, Veneza e Jardim Centen\u00e1rio. Na pauta, tamb\u00e9m esteve a valoriza\u00e7\u00e3o das quadrilhas juninas, express\u00e3o cultural tradicional da nossa cidade.<\/p>\n\n\n\n<p>Visitas \u00e0 Emurb<\/p>\n\n\n\n<p>Ainda no dia 3 e novamente no dia 8 de abril, o vereador visitou a Emurb para tratar de quest\u00f5es estruturais importantes. Entre as solicita\u00e7\u00f5es, est\u00e3o melhorias na pra\u00e7a e no campo Society do Conjunto Almirante Tamandar\u00e9, al\u00e9m da constru\u00e7\u00e3o de uma nova pra\u00e7a no Jardim Centen\u00e1rio.<\/p>\n\n\n\n<p>Tamb\u00e9m foram levadas reivindica\u00e7\u00f5es sobre a limpeza e seguran\u00e7a no canal da regi\u00e3o, al\u00e9m da situa\u00e7\u00e3o de um terreno baldio entre as ruas Laudelino Raimundo Santos Filho e Hormenzida Santos.<\/p>\n\n\n\n<p>Fiscaliza\u00e7\u00e3o nos bairros e escuta da popula\u00e7\u00e3o<\/p>\n\n\n\n<p>No dia 14, Binho percorreu diferentes comunidades para escutar os moradores e verificar de perto os problemas enfrentados.<\/p>\n\n\n\n<p>No Jardim Centen\u00e1rio, na Avenida Matadouro, constatou um grande matagal que representa risco \u00e0 sa\u00fade p\u00fablica.<\/p>\n\n\n\n<p>No bairro Santos Dumont, no Conjunto Almirante Tamandar\u00e9, diversas fossas estouradas foram identificadas, gerando mau cheiro e risco de doen\u00e7as.<\/p>\n\n\n\n<p>No Conjunto Ipes, encontrou uma pra\u00e7a em completo abandono. J\u00e1 na Avenida Santa Gleide, verificou a situa\u00e7\u00e3o cr\u00edtica das ciclofaixas, que est\u00e3o praticamente apagadas, prejudicando a seguran\u00e7a de ciclistas.<\/p>\n\n\n\n<p>Visita ao Jardim Centen\u00e1rio<\/p>\n\n\n\n<p>No dia 15 de abril, o vereador esteve na Rua Com\u00e9rcio 3, no bairro Jardim Centen\u00e1rio, para averiguar a situa\u00e7\u00e3o de um terreno baldio localizado ao lado do Col\u00e9gio Paulo Costa. A presen\u00e7a do mato alto e do ac\u00famulo de lixo no local gera preocupa\u00e7\u00e3o para a comunidade, principalmente por conta da proximidade com a escola.<\/p>\n\n\n\n<p>Encontro com o presidente da Emsurb<\/p>\n\n\n\n<p>Dando sequ\u00eancia \u00e0s cobran\u00e7as, no dia 16 de abril, o vereador se reuniu com o presidente da Emsurb, Hugo, para refor\u00e7ar as demandas por limpeza urbana. Na ocasi\u00e3o, solicitou a limpeza do matagal no Jardim Centen\u00e1rio, do terreno baldio na Avenida Matadouro e da pra\u00e7a do Conjunto Ipes, entre outras a\u00e7\u00f5es essenciais.<\/p>\n\n\n\n<p>Compromisso com a popula\u00e7\u00e3o<\/p>\n\n\n\n<p>Com uma atua\u00e7\u00e3o firme, o vereador Binho segue demonstrando compromisso com as necessidades da popula\u00e7\u00e3o aracajuana. Seu trabalho de escuta ativa e articula\u00e7\u00e3o junto ao poder p\u00fablico refor\u00e7a sua miss\u00e3o de construir uma cidade mais digna, segura e bem cuidada para todos.<\/p>\n\n\n\n<p>Texto e foto assessoria<\/p>\n","protected":false},"excerpt":{"rendered":"<p>O m\u00eas de abril foi marcado por uma intensa agenda do vereador Binho, que esteve presente em diversos bairros de Aracaju ouvindo a popula\u00e7\u00e3o, visitando \u00f3rg\u00e3os p\u00fablicos e cobrando melhorias para a cidade. Confira um resumo das principais a\u00e7\u00f5es realizadas: Audi\u00eancia p\u00fablica sobre o esporte em Aracaju Logo no in\u00edcio do m\u00eas, no dia 1\u00ba [&hellip;]<\/p>\n","protected":false},"author":2,"featured_media":5715,"comment_status":"open","ping_status":"open","sticky":false,"template":"","format":"standard","meta":{"footnotes":""},"categories":[6,10],"tags":[],"class_list":["post-5714","post","type-post","status-publish","format-standard","has-post-thumbnail","hentry","category-letreiro","category-noticias"],"_links":{"self":[{"href":"https:\/\/espacolivresergipe.com.br\/index.php\/wp-json\/wp\/v2\/posts\/5714","targetHints":{"allow":["GET"]}}],"collection":[{"href":"https:\/\/espacolivresergipe.com.br\/index.php\/wp-json\/wp\/v2\/posts"}],"about":[{"href":"https:\/\/espacolivresergipe.com.br\/index.php\/wp-json\/wp\/v2\/types\/post"}],"author":[{"embeddable":true,"href":"https:\/\/espacolivresergipe.com.br\/index.php\/wp-json\/wp\/v2\/users\/2"}],"replies":[{"embeddable":true,"href":"https:\/\/espacolivresergipe.com.br\/index.php\/wp-json\/wp\/v2\/comments?post=5714"}],"version-history":[{"count":1,"href":"https:\/\/espacolivresergipe.com.br\/index.php\/wp-json\/wp\/v2\/posts\/5714\/revisions"}],"predecessor-version":[{"id":5716,"href":"https:\/\/espacolivresergipe.com.br\/index.php\/wp-json\/wp\/v2\/posts\/5714\/revisions\/5716"}],"wp:featuredmedia":[{"embeddable":true,"href":"https:\/\/espacolivresergipe.com.br\/index.php\/wp-json\/wp\/v2\/media\/5715"}],"wp:attachment":[{"href":"https:\/\/espacolivresergipe.com.br\/index.php\/wp-json\/wp\/v2\/media?parent=5714"}],"wp:term":[{"taxonomy":"category","embeddable":true,"href":"https:\/\/espacolivresergipe.com.br\/index.php\/wp-json\/wp\/v2\/categories?post=5714"},{"taxonomy":"post_tag","embeddable":true,"href":"https:\/\/espacolivresergipe.com.br\/index.php\/wp-json\/wp\/v2\/tags?post=5714"}],"curies":[{"name":"wp","href":"https:\/\/api.w.org\/{rel}","templated":true}]}}