{"id":5717,"date":"2025-04-30T06:41:20","date_gmt":"2025-04-30T09:41:20","guid":{"rendered":"https:\/\/espacolivresergipe.com.br\/?p=5717"},"modified":"2025-04-30T06:41:22","modified_gmt":"2025-04-30T09:41:22","slug":"fundat-confira-as-vagas-de-emprego-disponiveis-nesta-quarta-feira-em-aracaju-3","status":"publish","type":"post","link":"https:\/\/espacolivresergipe.com.br\/index.php\/2025\/04\/30\/fundat-confira-as-vagas-de-emprego-disponiveis-nesta-quarta-feira-em-aracaju-3\/","title":{"rendered":"Fundat: Confira as vagas de emprego dispon\u00edveis nesta quarta-feira em Aracaju"},"content":{"rendered":"\n<p>A Funda\u00e7\u00e3o Municipal de Forma\u00e7\u00e3o para o Trabalho (Fundat) divulga novas vagas de emprego que ser\u00e3o disponibilizadas nesta quarta-feira (30)&nbsp; para a popula\u00e7\u00e3o aracajuana.<\/p>\n\n\n\n<p>Os interessados em candidatar-se \u00e0s vagas precisam se cadastrar ou atualizar o curr\u00edculo na sede da Fundat, localizada no cal\u00e7ad\u00e3o da rua Jo\u00e3o Pessoa, 127, Centro, portando carteira de trabalho, RG, CPF e curr\u00edculo.<\/p>\n\n\n\n<p>O hor\u00e1rio de funcionamento do \u00f3rg\u00e3o \u00e9 de segunda a sexta-feira, das 7h \u00e0s 17h.<\/p>\n\n\n\n<p>GAR\u00c7ONETE<\/p>\n\n\n\n<p>&#8211; Ensino M\u00e9dio Completo<\/p>\n\n\n\n<p>&#8211; Sem experi\u00eancia<\/p>\n\n\n\n<p>&#8211; Vaga Afirmativa para Mulheres<\/p>\n\n\n\n<p>&#8211; Empresa Localizada no bairro Centro<\/p>\n\n\n\n<p>CHURRASQUEIRO<\/p>\n\n\n\n<p>&#8211; N\u00e3o Alfabetizado<\/p>\n\n\n\n<p>&#8211; Com 1 ano de experi\u00eancia com comprova\u00e7\u00e3o de CTPS<\/p>\n\n\n\n<p>&#8211; Empresa localizada no bairro Centro<\/p>\n\n\n\n<p>VENDEDOR INTERNO<\/p>\n\n\n\n<p>&#8211; Ensino M\u00e9dio Completo<\/p>\n\n\n\n<p>&#8211; Sem Experi\u00eancia<\/p>\n\n\n\n<p>&#8211; Empresa localizada no bairro Centro<\/p>\n\n\n\n<p>VENDEDOR EXTERNO&nbsp;<\/p>\n\n\n\n<p>&#8211; Alfabetizado<\/p>\n\n\n\n<p>&#8211; Sem Experi\u00eancia<\/p>\n\n\n\n<p>&#8211; Ambos os Sexos<\/p>\n\n\n\n<p>&#8211; Empresa Localizada no bairro Centro<\/p>\n\n\n\n<p>MEC\u00c2NICO AUTOMOTIVO<\/p>\n\n\n\n<p>&#8211; Alfabetizado<\/p>\n\n\n\n<p>&#8211; Com 6 meses de experi\u00eancia sem comprova\u00e7\u00e3o em Ctps<\/p>\n\n\n\n<p>&#8211; Ambos os sexos<\/p>\n\n\n\n<p>&#8211; Empresa localizada no bairro Salgado Filho<\/p>\n\n\n\n<p>ELETRICISTA<\/p>\n\n\n\n<p>&#8211; Alfabetizado<\/p>\n\n\n\n<p>&#8211; Com 6 meses de experi\u00eancia sem comprova\u00e7\u00e3o em Ctps<\/p>\n\n\n\n<p>&#8211; Ambos os sexos<\/p>\n\n\n\n<p>&#8211; Empresa localizada no bairro Salgado Filho<\/p>\n\n\n\n<p>POLIDOR DE AUTOM\u00d3VEIS<\/p>\n\n\n\n<p>&#8211; Alfabetizado<\/p>\n\n\n\n<p>&#8211; Com 6 meses de experi\u00eancia sem comprova\u00e7\u00e3o em CTPS<\/p>\n\n\n\n<p>&#8211; Empresa localizada no bairro Get\u00falio Vargas<\/p>\n\n\n\n<p>ALINHADOR<\/p>\n\n\n\n<p>&#8211; Alfabetizado<\/p>\n\n\n\n<p>&#8211; Com 6 meses de experi\u00eancia sem comprova\u00e7\u00e3o em Ctps<\/p>\n\n\n\n<p>&#8211; Empresa localizada no bairro Salgado Filho<\/p>\n\n\n\n<p>T\u00c9CNICO EM AUDIOVISUAL<\/p>\n\n\n\n<p>&#8211; Alfabetizado<\/p>\n\n\n\n<p>&#8211; Com 6 meses de experi\u00eancia sem comprova\u00e7\u00e3o em Ctps<\/p>\n\n\n\n<p>&#8211; Empresa localizada no bairro Salgado Filho<\/p>\n\n\n\n<p>T\u00c9CNICO DE SEGURAN\u00c7A DO TRABALHO<\/p>\n\n\n\n<p>&#8211; Ensino Superior Cursando<\/p>\n\n\n\n<p>&#8211; Com 6 meses de experi\u00eancia comprovada em Ctps<\/p>\n\n\n\n<p>&#8211; Ambos os sexos<\/p>\n\n\n\n<p>&#8211; Curso: T\u00e9cnico de seguran\u00e7a do Trabalho<\/p>\n\n\n\n<p>&#8211; Empresa localizada no Bairro Farol\u00e2ndia<\/p>\n\n\n\n<p>VENDEDOR<\/p>\n\n\n\n<p>&#8211; Ensino Fundamental Completo<\/p>\n\n\n\n<p>&#8211; Com 6 meses de experi\u00eancia comprovada em Ctps<\/p>\n\n\n\n<p>&#8211; Ambos os sexos<\/p>\n\n\n\n<p>&#8211; Empresa localizada no Bairro Centro<\/p>\n\n\n\n<p>MONTADOR<\/p>\n\n\n\n<p>&#8211; Ensino Fundamental Completo<\/p>\n\n\n\n<p>&#8211; Com 6 meses de experi\u00eancia comprovada em Ctps<\/p>\n\n\n\n<p>&#8211; Ambos os sexos<\/p>\n\n\n\n<p>&#8211; Empresa localizada no bairro Centro<\/p>\n\n\n\n<p>\ud83d\udccc VAGAS PARA PCD \u2b07\ufe0f (Pessoa Com Defici\u00eancia):<\/p>\n\n\n\n<p>FRENTISTA<\/p>\n\n\n\n<p>&#8211; Ensino Fundamental Completo<\/p>\n\n\n\n<p>&#8211; Sem Experi\u00eancia<\/p>\n\n\n\n<p>&#8211; Empresa Localizada No Bairro Farol\u00e2ndia<\/p>\n","protected":false},"excerpt":{"rendered":"<p>A Funda\u00e7\u00e3o Municipal de Forma\u00e7\u00e3o para o Trabalho (Fundat) divulga novas vagas de emprego que ser\u00e3o disponibilizadas nesta quarta-feira (30)&nbsp; para a popula\u00e7\u00e3o aracajuana. Os interessados em candidatar-se \u00e0s vagas precisam se cadastrar ou atualizar o curr\u00edculo na sede da Fundat, localizada no cal\u00e7ad\u00e3o da rua Jo\u00e3o Pessoa, 127, Centro, portando carteira de trabalho, RG, [&hellip;]<\/p>\n","protected":false},"author":2,"featured_media":5718,"comment_status":"open","ping_status":"open","sticky":false,"template":"","format":"standard","meta":{"footnotes":""},"categories":[13,6,7],"tags":[],"class_list":["post-5717","post","type-post","status-publish","format-standard","has-post-thumbnail","hentry","category-acontece","category-letreiro","category-sergipe"],"_links":{"self":[{"href":"https:\/\/espacolivresergipe.com.br\/index.php\/wp-json\/wp\/v2\/posts\/5717","targetHints":{"allow":["GET"]}}],"collection":[{"href":"https:\/\/espacolivresergipe.com.br\/index.php\/wp-json\/wp\/v2\/posts"}],"about":[{"href":"https:\/\/espacolivresergipe.com.br\/index.php\/wp-json\/wp\/v2\/types\/post"}],"author":[{"embeddable":true,"href":"https:\/\/espacolivresergipe.com.br\/index.php\/wp-json\/wp\/v2\/users\/2"}],"replies":[{"embeddable":true,"href":"https:\/\/espacolivresergipe.com.br\/index.php\/wp-json\/wp\/v2\/comments?post=5717"}],"version-history":[{"count":1,"href":"https:\/\/espacolivresergipe.com.br\/index.php\/wp-json\/wp\/v2\/posts\/5717\/revisions"}],"predecessor-version":[{"id":5719,"href":"https:\/\/espacolivresergipe.com.br\/index.php\/wp-json\/wp\/v2\/posts\/5717\/revisions\/5719"}],"wp:featuredmedia":[{"embeddable":true,"href":"https:\/\/espacolivresergipe.com.br\/index.php\/wp-json\/wp\/v2\/media\/5718"}],"wp:attachment":[{"href":"https:\/\/espacolivresergipe.com.br\/index.php\/wp-json\/wp\/v2\/media?parent=5717"}],"wp:term":[{"taxonomy":"category","embeddable":true,"href":"https:\/\/espacolivresergipe.com.br\/index.php\/wp-json\/wp\/v2\/categories?post=5717"},{"taxonomy":"post_tag","embeddable":true,"href":"https:\/\/espacolivresergipe.com.br\/index.php\/wp-json\/wp\/v2\/tags?post=5717"}],"curies":[{"name":"wp","href":"https:\/\/api.w.org\/{rel}","templated":true}]}}