{"id":5720,"date":"2025-04-30T06:52:12","date_gmt":"2025-04-30T09:52:12","guid":{"rendered":"https:\/\/espacolivresergipe.com.br\/?p=5720"},"modified":"2025-04-30T06:52:13","modified_gmt":"2025-04-30T09:52:13","slug":"ciranda-sergipe-chega-ao-municipio-de-brejo-grande-com-novidade-entre-servicos","status":"publish","type":"post","link":"https:\/\/espacolivresergipe.com.br\/index.php\/2025\/04\/30\/ciranda-sergipe-chega-ao-municipio-de-brejo-grande-com-novidade-entre-servicos\/","title":{"rendered":"Ciranda Sergipe chega ao munic\u00edpio de Brejo Grande com novidade entre servi\u00e7os"},"content":{"rendered":"\n<p>O munic\u00edpio de Brejo Grande recebeu, nesta ter\u00e7a-feira, 29, o Ciranda Sergipe, programa promovido pelo Governo do Estado, por meio da Secretaria de Estado da Assist\u00eancia Social, Inclus\u00e3o e Cidadania (Seasic), que leva diversos servi\u00e7os p\u00fablicos gratuitos \u00e0s comunidades dos munic\u00edpios sergipanos. A a\u00e7\u00e3o foi realizada na Escola Municipal Jos\u00e9 Moacir Mendon\u00e7a e contou com atendimentos nas \u00e1reas de sa\u00fade, assist\u00eancia social, primeira inf\u00e2ncia, seguran\u00e7a alimentar e cidadania, com o objetivo de garantir inclus\u00e3o e acesso a direitos.<\/p>\n\n\n\n<p>Uma das principais novidades desta edi\u00e7\u00e3o foi a integra\u00e7\u00e3o com a Secretaria de Estado da Sa\u00fade (SES), que passou a oferecer consultas do Opera Mulher, que faz parte do Opera Sergipe, diretamente no Ciranda. \u201cEssa integra\u00e7\u00e3o com a secretaria de sa\u00fade \u00e9 um avan\u00e7o significativo, porque fortalece o alcance do Ciranda e garante um cuidado ainda mais abrangente para as mulheres sergipanas com o Opera mulher, por exemplo. Com isso, estamos descentralizando o acesso \u00e0s cirurgias eletivas, aproximando os servi\u00e7os da popula\u00e7\u00e3o\u201d, destaca a secret\u00e1ria de Estado da Assist\u00eancia Social, Inclus\u00e3o e Cidadania, \u00c9rica Mitidieri.<\/p>\n\n\n\n<p>A presen\u00e7a do Opera Mulher em Brejo Grande foi um marco para a amplia\u00e7\u00e3o dos servi\u00e7os de sa\u00fade nos munic\u00edpios. A dona de casa Valk\u00edria da Silva Santos procurou o programa para iniciar o processo cir\u00fargico. \u201cEstou com um problema de endometriose e vim em busca dos exames para fazer a histerectomia. Fui muito bem atendida. Parab\u00e9ns para a equipe, que \u00e9 bem acolhedora\u201d, afirma.<\/p>\n\n\n\n<p>Durante o evento, os moradores tiveram acesso \u00e0s tarifas sociais da Deso e da Energisa, triagens e atendimentos das carretas da sa\u00fade do homem e da mulher, emiss\u00e3o da Carteira de Identifica\u00e7\u00e3o da Pessoa com Defici\u00eancia (CIN), vacina\u00e7\u00e3o e atendimentos de sa\u00fade bucal. Al\u00e9m disso, tamb\u00e9m foram realizadas entregas do cart\u00e3o CMais, avalia\u00e7\u00f5es nutricionais com medi\u00e7\u00e3o de peso e altura, oficina brinquedista com atividades l\u00fadicas para crian\u00e7as, oficinas de inclus\u00e3o pela arte, seguran\u00e7a alimentar e momentos de beleza com cortes de cabelo e cuidados est\u00e9ticos. A iniciativa reafirma o compromisso do Governo de Sergipe com o bem-estar, a inclus\u00e3o e a cidadania.<\/p>\n\n\n\n<p>Inclus\u00e3o e cidadania<\/p>\n\n\n\n<p>A equipe da CIN Inclusiva tamb\u00e9m esteve presente, realizando o atendimento para emiss\u00e3o da Carteira de Identifica\u00e7\u00e3o da Pessoa com Defici\u00eancia, documento fundamental para o acesso a direitos e benef\u00edcios. Para a moradora Delma dos Santos, que aproveitou a a\u00e7\u00e3o para atualizar sua documenta\u00e7\u00e3o, o atendimento foi eficiente e acolhedor. \u201cConsegui trocar minha carteira de identidade e gostei muito. O atendimento foi \u00f3timo. A vinda do Ciranda para Brejo Grande foi maravilhosa\u201d, destaca.<\/p>\n\n\n\n<p>J\u00e1 a entrega dos cart\u00f5es do programa CMais nas modalidades Cidadania, Ser Crian\u00e7a e Vale G\u00e1s foi mais uma a\u00e7\u00e3o de destaque no evento. Uma das beneficiadas, Alexandra Lopes, celebrou a chegada do cart\u00e3o. \u201cVai facilitar muita coisa porque, muitas vezes, a gente n\u00e3o tem dinheiro ou condi\u00e7\u00f5es. Esse cart\u00e3o veio para ajudar, seja na compra de alimento, fralda ou leite. Vai ser muito \u00fatil para mim e para o meu filho\u201d, relata.<\/p>\n\n\n\n<p>A diversidade de a\u00e7\u00f5es do programa com f\u00e1cil acesso para a popula\u00e7\u00e3o faz com que as pessoas tenham um momento de acolhimento e bem-estar. A participante do evento, Eliana Hibisco Ferreira, aproveitou diversos servi\u00e7os ao longo do dia. \u201cFiz a troca da identidade, cortei o cabelo e ainda vou aproveitar outros atendimentos. \u00c9 uma oportunidade \u00fanica que contempla todas as \u00e1reas. Estou muito feliz\u201d, declara.<\/p>\n\n\n\n<p>Foto: J\u00falia Costa<\/p>\n","protected":false},"excerpt":{"rendered":"<p>O munic\u00edpio de Brejo Grande recebeu, nesta ter\u00e7a-feira, 29, o Ciranda Sergipe, programa promovido pelo Governo do Estado, por meio da Secretaria de Estado da Assist\u00eancia Social, Inclus\u00e3o e Cidadania (Seasic), que leva diversos servi\u00e7os p\u00fablicos gratuitos \u00e0s comunidades dos munic\u00edpios sergipanos. A a\u00e7\u00e3o foi realizada na Escola Municipal Jos\u00e9 Moacir Mendon\u00e7a e contou com [&hellip;]<\/p>\n","protected":false},"author":2,"featured_media":5721,"comment_status":"open","ping_status":"open","sticky":false,"template":"","format":"standard","meta":{"footnotes":""},"categories":[6,7],"tags":[],"class_list":["post-5720","post","type-post","status-publish","format-standard","has-post-thumbnail","hentry","category-letreiro","category-sergipe"],"_links":{"self":[{"href":"https:\/\/espacolivresergipe.com.br\/index.php\/wp-json\/wp\/v2\/posts\/5720","targetHints":{"allow":["GET"]}}],"collection":[{"href":"https:\/\/espacolivresergipe.com.br\/index.php\/wp-json\/wp\/v2\/posts"}],"about":[{"href":"https:\/\/espacolivresergipe.com.br\/index.php\/wp-json\/wp\/v2\/types\/post"}],"author":[{"embeddable":true,"href":"https:\/\/espacolivresergipe.com.br\/index.php\/wp-json\/wp\/v2\/users\/2"}],"replies":[{"embeddable":true,"href":"https:\/\/espacolivresergipe.com.br\/index.php\/wp-json\/wp\/v2\/comments?post=5720"}],"version-history":[{"count":1,"href":"https:\/\/espacolivresergipe.com.br\/index.php\/wp-json\/wp\/v2\/posts\/5720\/revisions"}],"predecessor-version":[{"id":5722,"href":"https:\/\/espacolivresergipe.com.br\/index.php\/wp-json\/wp\/v2\/posts\/5720\/revisions\/5722"}],"wp:featuredmedia":[{"embeddable":true,"href":"https:\/\/espacolivresergipe.com.br\/index.php\/wp-json\/wp\/v2\/media\/5721"}],"wp:attachment":[{"href":"https:\/\/espacolivresergipe.com.br\/index.php\/wp-json\/wp\/v2\/media?parent=5720"}],"wp:term":[{"taxonomy":"category","embeddable":true,"href":"https:\/\/espacolivresergipe.com.br\/index.php\/wp-json\/wp\/v2\/categories?post=5720"},{"taxonomy":"post_tag","embeddable":true,"href":"https:\/\/espacolivresergipe.com.br\/index.php\/wp-json\/wp\/v2\/tags?post=5720"}],"curies":[{"name":"wp","href":"https:\/\/api.w.org\/{rel}","templated":true}]}}