{"id":5727,"date":"2025-04-30T07:29:13","date_gmt":"2025-04-30T10:29:13","guid":{"rendered":"https:\/\/espacolivresergipe.com.br\/?p=5727"},"modified":"2025-04-30T07:29:15","modified_gmt":"2025-04-30T10:29:15","slug":"fabio-mitidieri-anuncia-que-propria-recebera-investimentos-do-governo-do-estado","status":"publish","type":"post","link":"https:\/\/espacolivresergipe.com.br\/index.php\/2025\/04\/30\/fabio-mitidieri-anuncia-que-propria-recebera-investimentos-do-governo-do-estado\/","title":{"rendered":"F\u00e1bio Mitidieri anuncia que Propri\u00e1 receber\u00e1 investimentos do Governo do Estado"},"content":{"rendered":"\n<p>O governador F\u00e1bio Mitidieri afirmou que, no pr\u00f3ximo m\u00eas, realizar\u00e1 uma visita a Propri\u00e1 para anunciar alguns benef\u00edcios e investimentos que ser\u00e3o feitos no munic\u00edpio pelo Governo de Sergipe.<\/p>\n\n\n\n<p>A not\u00edcia foi dada na manh\u00e3 desta ter\u00e7a-feira, 28, em Bras\u00edlia, durante encontro com o prefeito Luciano de Menininha, que tamb\u00e9m est\u00e1 na capital federal em busca de recursos para atender demandas do munic\u00edpio do Baixo S\u00e3o Francisco.<\/p>\n\n\n\n<p>&#8220;T\u00eam coisas boas para Propri\u00e1 e espero&nbsp; j\u00e1 no pr\u00f3ximo m\u00eas estar anunciando alguns benef\u00edcios e investimentos para o munic\u00edpio&#8221;, disse o governador.<\/p>\n\n\n\n<p>Na oportunidade o prefeito agradeceu ao governador pela disposi\u00e7\u00e3o em levar investimentos para o munic\u00edpio. &#8220;A gente fica feliz com esta not\u00edcia dada pelo governador e aproveito para reiterar que contamos tamb\u00e9m com a parceria&nbsp; com o Governo do Estado para que possamos reconstruir e promover o desenvolvimento de Propri\u00e1&#8221;, afirmou Luciano de Menininha.<\/p>\n\n\n\n<p>Texto e foto assessoria<\/p>\n","protected":false},"excerpt":{"rendered":"<p>O governador F\u00e1bio Mitidieri afirmou que, no pr\u00f3ximo m\u00eas, realizar\u00e1 uma visita a Propri\u00e1 para anunciar alguns benef\u00edcios e investimentos que ser\u00e3o feitos no munic\u00edpio pelo Governo de Sergipe. A not\u00edcia foi dada na manh\u00e3 desta ter\u00e7a-feira, 28, em Bras\u00edlia, durante encontro com o prefeito Luciano de Menininha, que tamb\u00e9m est\u00e1 na capital federal em [&hellip;]<\/p>\n","protected":false},"author":2,"featured_media":5728,"comment_status":"open","ping_status":"open","sticky":false,"template":"","format":"standard","meta":{"footnotes":""},"categories":[12,7],"tags":[],"class_list":["post-5727","post","type-post","status-publish","format-standard","has-post-thumbnail","hentry","category-agora","category-sergipe"],"_links":{"self":[{"href":"https:\/\/espacolivresergipe.com.br\/index.php\/wp-json\/wp\/v2\/posts\/5727","targetHints":{"allow":["GET"]}}],"collection":[{"href":"https:\/\/espacolivresergipe.com.br\/index.php\/wp-json\/wp\/v2\/posts"}],"about":[{"href":"https:\/\/espacolivresergipe.com.br\/index.php\/wp-json\/wp\/v2\/types\/post"}],"author":[{"embeddable":true,"href":"https:\/\/espacolivresergipe.com.br\/index.php\/wp-json\/wp\/v2\/users\/2"}],"replies":[{"embeddable":true,"href":"https:\/\/espacolivresergipe.com.br\/index.php\/wp-json\/wp\/v2\/comments?post=5727"}],"version-history":[{"count":1,"href":"https:\/\/espacolivresergipe.com.br\/index.php\/wp-json\/wp\/v2\/posts\/5727\/revisions"}],"predecessor-version":[{"id":5729,"href":"https:\/\/espacolivresergipe.com.br\/index.php\/wp-json\/wp\/v2\/posts\/5727\/revisions\/5729"}],"wp:featuredmedia":[{"embeddable":true,"href":"https:\/\/espacolivresergipe.com.br\/index.php\/wp-json\/wp\/v2\/media\/5728"}],"wp:attachment":[{"href":"https:\/\/espacolivresergipe.com.br\/index.php\/wp-json\/wp\/v2\/media?parent=5727"}],"wp:term":[{"taxonomy":"category","embeddable":true,"href":"https:\/\/espacolivresergipe.com.br\/index.php\/wp-json\/wp\/v2\/categories?post=5727"},{"taxonomy":"post_tag","embeddable":true,"href":"https:\/\/espacolivresergipe.com.br\/index.php\/wp-json\/wp\/v2\/tags?post=5727"}],"curies":[{"name":"wp","href":"https:\/\/api.w.org\/{rel}","templated":true}]}}