{"id":5730,"date":"2025-04-30T07:32:29","date_gmt":"2025-04-30T10:32:29","guid":{"rendered":"https:\/\/espacolivresergipe.com.br\/?p=5730"},"modified":"2025-04-30T07:32:30","modified_gmt":"2025-04-30T10:32:30","slug":"a-imprensa-chapa-branca-ja-reelegeu-o-governador-mitidieri","status":"publish","type":"post","link":"https:\/\/espacolivresergipe.com.br\/index.php\/2025\/04\/30\/a-imprensa-chapa-branca-ja-reelegeu-o-governador-mitidieri\/","title":{"rendered":"A imprensa chapa branca j\u00e1 reelegeu o governador Mitidieri"},"content":{"rendered":"\n<p><em>Por Adiberto de Souza<\/em>&nbsp;*<\/p>\n\n\n\n<p>Embora as elei\u00e7\u00f5es s\u00f3 ocorram daqui a quase dois anos, a imprensa chapa branca de Sergipe j\u00e1 reelegeu o governador F\u00e1bio Mitidieri (PSD). Mais realistas do que o rei, muitos comunicadores alardeiam aos quatro cantos que a vit\u00f3ria do pessedista s\u00e3o favas contadas, principalmente por contar com o apoio da grande maioria dos prefeitos. Os coleguinhas est\u00e3o enganados! Entre a campanha e a diploma\u00e7\u00e3o do eleito muita \u00e1gua passa por debaixo da ponte, afogando os mais afoitos. Nem sempre um candidato apoiado pelas principais lideran\u00e7as do estado vence as elei\u00e7\u00f5es. Caso o eleitorado n\u00e3o engula o acord\u00e3o pol\u00edtico, a vaca vai para o brejo e ponto final. Ressalte-se que se n\u00famero de prefeito ganhasse elei\u00e7\u00e3o, em 2018 o ex-deputado federal Andr\u00e9 Moura (Uni\u00e3o) teria sido eleito senador com os p\u00e9s nas costas. Naquela campanha, o distinto reuniu num hotel de Aracaju 60 gestores municipais e umas tr\u00eas vezes mais que isso entre ex-prefeitos, vereadores e lideran\u00e7as avulsas. Pois bem: quando as urnas foram abertas Andr\u00e9 estava derrotadinho da Silva Xavier. Conclui-se, portando, que a exagerada propaganda oficial e o discurso da imprensa chapa branca n\u00e3o s\u00e3o garantias de sucesso eleitoral, nem acord\u00e3o pol\u00edtico \u00e9 sin\u00f4nimo de vit\u00f3ria.&nbsp;<em>Creindeuspai!<\/em><\/p>\n\n\n\n<p><strong>Senador defendido<\/strong><\/p>\n\n\n\n<p>O PT sergipano divulgou uma nota oficial defendendo o senador Rog\u00e9rio Carvalho (PT), acusado de n\u00e3o pagar uma d\u00edvida feita na campanha eleitoral de 2024. O partido refuta as informa\u00e7\u00f5es divulgadas \u201ccom o claro objetivo de atingir a honra e a trajet\u00f3ria pol\u00edtica do senador. Trata-se de mais uma tentativa infundada de manchar a imagem de um homem p\u00fablico comprometido com a legalidade, com a \u00e9tica e com a luta pelos direitos do povo sergipano\u201d, diz a nota. O PT revela que Rog\u00e9rio aparece no processo como \u201cdevedor subsidi\u00e1rio\u201d e nega que a d\u00edvida seja de \u201cabsurdos R$ 5 milh\u00f5es\u201d, como divulgou a empresa credora.&nbsp;<em>Cruz, credo!<\/em><\/p>\n\n\n\n<p><strong>Nova fus\u00e3o<\/strong><\/p>\n\n\n\n<p>O PSDB e o Podemos tiveram sua fus\u00e3o aprovada pela c\u00fapula tucana. Haver\u00e1, ainda, uma conven\u00e7\u00e3o nacional dos emplumados visando debater as altera\u00e7\u00f5es no estatuto do partido. A fus\u00e3o far\u00e1 com que as duas legendas detenham 5% dos membros da C\u00e2mara dos Deputados \u2013 um total de 28 deputados federais. Ser\u00e3o tamb\u00e9m 7 senadores, 2 governadores e 400 prefeitos. Em Sergipe, o PSDB \u00e9 presidido pelo ex-senador Eduardo Amorim, enquanto o Podemos tem na presid\u00eancia o secret\u00e1rio estadual da Agricultura, Zeca da Silva e entre seus principais filiados o ex-governador Belivaldo Chagas.&nbsp;<em>Ah, bom!<\/em><\/p>\n\n\n\n<p><strong>Igu\u00e1 re\u00fane prefeitos<\/strong><\/p>\n\n\n\n<p>Prefeitos e representantes de 74 munic\u00edpios sergipanos v\u00e3o conhecer as primeiras a\u00e7\u00f5es da Igu\u00e1 Sergipe, empresa que \u201ccomprou\u201d parte da Companhia de Saneamento de Sergipe (Deso) por R$ 4,5 bilh\u00f5es. O encontro dos gestores com a nova respons\u00e1vel pelo abastecimento de \u00e1gua, coleta e tratamento de esgotos acontece, hoje, em Aracaju. A Igu\u00e1 come\u00e7a em definitivo suas opera\u00e7\u00f5es no estado a partir de amanh\u00e3. O contrato de concess\u00e3o entre a empresa e o governo de Sergipe tem dura\u00e7\u00e3o de 35 anos e prev\u00ea investimentos de R$ 6,2 bilh\u00f5es.&nbsp;<em>Marminino!<\/em><\/p>\n\n\n\n<p><strong>Estados premiados<\/strong><\/p>\n\n\n\n<p>O governo federal entregou, ontem, o Pr\u00eamio Nacional de Inclus\u00e3o Socioecon\u00f4mica 2025 aos estados e empresas que mais promoveram gera\u00e7\u00e3o de renda, qualifica\u00e7\u00e3o profissional e empreendedorismo para fam\u00edlias inscritas no Cadastro \u00danico. Foram premiados os estados de Sergipe, Pernambuco, Bahia, Para\u00edba e Tocantins. O ministro Wellington Dias, do Desenvolvimento e Assist\u00eancia Social, Fam\u00edlia e Combate \u00e0 Fome, destacou os avan\u00e7os do Brasil na redu\u00e7\u00e3o da pobreza, da fome e da desigualdade entre 2023 e 2024. J\u00e1 o governador F\u00e1bio Mitidieri (PSD), afirmou que \u201cSergipe mostra que \u00e9 poss\u00edvel transformar indicadores e realidades\u201d.&nbsp;<em>Ent\u00e3o, t\u00e1!<\/em><\/p>\n\n\n<div class=\"wp-block-image\">\n<figure class=\"alignright\"><a href=\"https:\/\/www.destaquenoticias.com.br\/wp-content\/uploads\/2025\/04\/andre-moura-e-ciro-nogueira.jpg\"><img decoding=\"async\" src=\"https:\/\/www.destaquenoticias.com.br\/wp-content\/uploads\/2025\/04\/andre-moura-e-ciro-nogueira-243x300.jpg\" alt=\"\" class=\"wp-image-104969\"\/><\/a><\/figure><\/div>\n\n\n<p><strong>Unindo for\u00e7as<\/strong><\/p>\n\n\n\n<p>Os presidentes dos PP e Uni\u00e3o Brasil em Sergipe, respectivamente, senador La\u00e9rcio Oliveira e ex-deputado Andr\u00e9 Moura, festejaram o lan\u00e7amento da federa\u00e7\u00e3o Uni\u00e3o Progressista. O presidente do Progressista disse ter orgulho da uni\u00e3o entre as duas legendas: \u201cVamos dar um choque de prosperidade, modernizando nossa economia e o estado com uma gest\u00e3o inovadora e eficiente\u201d, frisou. J\u00e1 Moura celebrou \u201cn\u00e3o s\u00f3 a uni\u00e3o de for\u00e7as, mas o fortalecimento da pol\u00edtica com responsabilidade, di\u00e1logo e vis\u00e3o de futuro\u201d. A d\u00favida \u00e9 saber qual dos dois comandar\u00e1 a federa\u00e7\u00e3o em Sergipe.&nbsp;<em>Aguardemos, portanto!<\/em><\/p>\n\n\n\n<p><strong>Magrela esquecida<\/strong><\/p>\n\n\n\n<p>Bem servida de ciclovias, Aracaju poderia ser um exemplo para o Brasil. N\u00e3o \u00e9 porque n\u00e3o possui uma pol\u00edtica de prote\u00e7\u00e3o aos milhares de ciclistas que arriscam as vidas pedalando no meio de um tr\u00e2nsito violento. A Prefeitura jamais desenvolveu qualquer campanha de conscientiza\u00e7\u00e3o dos motoristas sobre o respeito a quem pedala na capital sergipana. Por conta disso, a grande maioria dos condutores desconhece a necessidade de se preservar o espa\u00e7o m\u00ednimo de 1,50 metro ao ultrapassar uma bicicleta. \u00c9 uma pena que um transporte muito mais sustent\u00e1vel, eficiente, limpo e n\u00e3o violento como \u00e9 a simp\u00e1tica magrela seja t\u00e3o pouco valorizado em nossa Barbos\u00f3polis.&nbsp;<em>Home v\u00f4te!<\/em><\/p>\n\n\n\n<p><strong>Bolsonaristas contra<\/strong><\/p>\n\n\n\n<p>O presidente do Senado, Davi Alcolumbre (Uni\u00e3o-AP), est\u00e1 \u201cestudando fortemente\u201d um projeto apresentado pelo senador Alessandro Vieira (MDB) em alternativa ao Projeto de Lei da Anistia, que tramita na C\u00e2mara dos Deputados. A propositura do emedebista prev\u00ea redu\u00e7\u00e3o nas penas dos crimes de aboli\u00e7\u00e3o do Estado Democr\u00e1tico de Direito e tentativa de golpe de Estado, quando cometidos sem participa\u00e7\u00e3o no planejamento ou financiamento dos atos. Nem precisa dizer que o PL do ex-presidente Bolsonaro \u00e9 radicalmente contra o projeto concebido pelo ex-bolsonarista Alessandro Vieira.&nbsp;<em>Miseric\u00f3rdia!<\/em><\/p>\n\n\n\n<p><strong>Avionou aos states<\/strong><\/p>\n\n\n\n<p>O presidente da Assembleia, deputado Jeferson Andrade (PSD), avionou para os Estados Unidos, onde participar\u00e1 da Offshore Technology Conference (OTC) 2025. O pessedista integra a comitiva que o governo de Sergipe enviou \u00e0 cidade de Houston, no Texas. Este evento \u00e9 reconhecido como um dos maiores do mundo sobre tecnologia e inova\u00e7\u00e3o no setor de petr\u00f3leo e g\u00e1s. H\u00e1 dois anos, Jeferson Andrade assumiu o governo estadual durante os 10 dias em que o titular F\u00e1bio Mitidieri (PSD) participou nos EUA da Offshore Technology Conference.&nbsp;<em>Arre \u00e9gua!<\/em><\/p>\n\n\n\n<p><strong>Mendon\u00e7a lamenta erro<\/strong><\/p>\n\n\n\n<p>Inocentado, juntamente com os demais acusados na \u201cOpera\u00e7\u00e3o Babel, o ex-deputado federal Mendon\u00e7a Prado disse que foi feita justi\u00e7a. O processo \u00e9 fruto de uma opera\u00e7\u00e3o policial comandada, em 2017, pela delegada Danielle Garcia (MDB) para investigar poss\u00edveis irregularidades na coleta de lixo em Aracaju. Mendoncinha lamentou ter sido atingido \u201cpor erros de uma delegada que certamente n\u00e3o est\u00e1 familiarizada com o direito administrativo, tendo confundido processo licitat\u00f3rio com um contrato emergencial. \u00c9 triste, mas \u00e9 a realidade\u201d, frisou. Pelo mesmo motivo, o ex-governador Jackson Barreto (MDB) j\u00e1 havia feito duras cr\u00edticas a Danielle Garcia.&nbsp;<em>Virgem sant\u00edssima!<\/em><\/p>\n\n\n\n<p><strong>Almo\u00e7o pol\u00edtico<\/strong><\/p>\n\n\n\n<p>O ex-prefeito de Aracaju, Edvaldo Nogueira (PDT), e o prefeito de Lagarto, S\u00e9rgio Reis (PSD), se encontraram ontem para um almo\u00e7o regado a muita pol\u00edtica. O pedetista disse que durante o rega-bofe os dois falaram sobre as experi\u00eancias de ambos como gestores, os desafios enfrentados pelas cidades e as elei\u00e7\u00f5es de 2026. Como \u00e9 sabido, Nogueira deita e levanta sonhando em disputar uma cadeira no Senado e, naturalmente, trabalha para conquistar apoios ao seu projeto. S\u00e9rgio Reis j\u00e1 anunciou que apoiar\u00e1 \u00e0 reelei\u00e7\u00e3o do petista Rog\u00e9rio Carvalho (PT), por\u00e9m ainda n\u00e3o se definiu sobre o segundo voto para senador.&nbsp;<em>Aff Maria!<\/em><\/p>\n\n\n\n<p><strong>Dia do Trabalhador<\/strong><\/p>\n\n\n\n<p>Celebrado em 1\u00ba&nbsp;de maio, tamb\u00e9m conhecido como amanh\u00e3, o Dia do Trabalhador remete \u00e0 luta hist\u00f3rica dos oper\u00e1rios para conquistar melhores condi\u00e7\u00f5es de trabalho. A origem da data remonta ao movimento grevista puxado por trabalhadores em Chicago (EUA), no final do s\u00e9culo XIX. No Brasil, esse dia passou a ser celebrado informalmente por trabalhadores no come\u00e7o do s\u00e9culo XX, e se tornou oficial durante o governo de Artur Bernardes. A data foi amplamente explorada durante a Era Vargas. Em Aracaju, o Dia do Trabalhador ser\u00e1 marcado por manifesta\u00e7\u00f5es promovidas pelos sindicatos no perif\u00e9rico bairro Santa Maria.&nbsp;<em>Participe!<\/em><\/p>\n\n\n\n<p><strong>Recorte de jornal<\/strong><\/p>\n\n\n<div class=\"wp-block-image\">\n<figure class=\"alignleft\"><a href=\"https:\/\/www.destaquenoticias.com.br\/wp-content\/uploads\/2025\/04\/trabalho-aos-domingos-jornal-a-defesa-propria-22-de-dezembro-de-1945.jpg\"><img decoding=\"async\" src=\"https:\/\/www.destaquenoticias.com.br\/wp-content\/uploads\/2025\/04\/trabalho-aos-domingos-jornal-a-defesa-propria-22-de-dezembro-de-1945-300x271.jpg\" alt=\"\" class=\"wp-image-104970\"\/><\/a><\/figure><\/div>\n\n\n<p><\/p>\n\n\n\n<p><\/p>\n\n\n\n<p><\/p>\n\n\n\n<p><\/p>\n\n\n\n<p><\/p>\n\n\n\n<p>Publicado no jornal propriaense A Defesa, em 22 de dezembro de 1945.<\/p>\n\n\n\n<p>Esta coluna \u00e9 publicada pelos seguintes sites:&nbsp;<a href=\"https:\/\/www.destaquenoticias.com.br\/\">&nbsp;Destaquenot\u00edcias<\/a>,&nbsp;<a href=\"https:\/\/infonet.com.br\/\">Infonet<\/a>,&nbsp;<a href=\"https:\/\/www.faxaju.com.br\/\">Faxaju<\/a>,&nbsp;<a href=\"https:\/\/www.luxoaju.com\/\">Luxoaju<\/a>,&nbsp;<a href=\"https:\/\/leiamaisba.com.br\/\">Leiamaisba<\/a>,<a href=\"http:\/\/espacolivrenoticias.com.br\/\">&nbsp;Espa\u00e7o Livre<\/a>, Aracaju Magazine e no jornal online Zona Livre.<\/p>\n\n\n\n<p>*&nbsp;<em>\u00c9 editor do Portal Destaquenot\u00edcias<\/em><\/p>\n","protected":false},"excerpt":{"rendered":"<p>Por Adiberto de Souza&nbsp;* Embora as elei\u00e7\u00f5es s\u00f3 ocorram daqui a quase dois anos, a imprensa chapa branca de Sergipe j\u00e1 reelegeu o governador F\u00e1bio Mitidieri (PSD). Mais realistas do que o rei, muitos comunicadores alardeiam aos quatro cantos que a vit\u00f3ria do pessedista s\u00e3o favas contadas, principalmente por contar com o apoio da grande [&hellip;]<\/p>\n","protected":false},"author":2,"featured_media":5731,"comment_status":"open","ping_status":"open","sticky":false,"template":"","format":"standard","meta":{"footnotes":""},"categories":[14],"tags":[],"class_list":["post-5730","post","type-post","status-publish","format-standard","has-post-thumbnail","hentry","category-politica-e-cotidiano"],"_links":{"self":[{"href":"https:\/\/espacolivresergipe.com.br\/index.php\/wp-json\/wp\/v2\/posts\/5730","targetHints":{"allow":["GET"]}}],"collection":[{"href":"https:\/\/espacolivresergipe.com.br\/index.php\/wp-json\/wp\/v2\/posts"}],"about":[{"href":"https:\/\/espacolivresergipe.com.br\/index.php\/wp-json\/wp\/v2\/types\/post"}],"author":[{"embeddable":true,"href":"https:\/\/espacolivresergipe.com.br\/index.php\/wp-json\/wp\/v2\/users\/2"}],"replies":[{"embeddable":true,"href":"https:\/\/espacolivresergipe.com.br\/index.php\/wp-json\/wp\/v2\/comments?post=5730"}],"version-history":[{"count":1,"href":"https:\/\/espacolivresergipe.com.br\/index.php\/wp-json\/wp\/v2\/posts\/5730\/revisions"}],"predecessor-version":[{"id":5732,"href":"https:\/\/espacolivresergipe.com.br\/index.php\/wp-json\/wp\/v2\/posts\/5730\/revisions\/5732"}],"wp:featuredmedia":[{"embeddable":true,"href":"https:\/\/espacolivresergipe.com.br\/index.php\/wp-json\/wp\/v2\/media\/5731"}],"wp:attachment":[{"href":"https:\/\/espacolivresergipe.com.br\/index.php\/wp-json\/wp\/v2\/media?parent=5730"}],"wp:term":[{"taxonomy":"category","embeddable":true,"href":"https:\/\/espacolivresergipe.com.br\/index.php\/wp-json\/wp\/v2\/categories?post=5730"},{"taxonomy":"post_tag","embeddable":true,"href":"https:\/\/espacolivresergipe.com.br\/index.php\/wp-json\/wp\/v2\/tags?post=5730"}],"curies":[{"name":"wp","href":"https:\/\/api.w.org\/{rel}","templated":true}]}}