{"id":5733,"date":"2025-04-30T07:39:36","date_gmt":"2025-04-30T10:39:36","guid":{"rendered":"https:\/\/espacolivresergipe.com.br\/?p=5733"},"modified":"2025-04-30T07:39:37","modified_gmt":"2025-04-30T10:39:37","slug":"jovens-modelos-sergipanas-arielle-e-janaina-se-destacam-na-carreira-de-modelo","status":"publish","type":"post","link":"https:\/\/espacolivresergipe.com.br\/index.php\/2025\/04\/30\/jovens-modelos-sergipanas-arielle-e-janaina-se-destacam-na-carreira-de-modelo\/","title":{"rendered":"Jovens modelos sergipanas Arielle e Jana\u00edna se destacam na carreira de modelo"},"content":{"rendered":"\n<p>As jovens modelos sergipanas Arielle Santos Cardoso, de 13 anos, e Jana\u00edna Santos Cardoso, de 14 anos, t\u00eam conquistado destaque no mundo da moda com talento, carisma e dedica\u00e7\u00e3o. Ambas, naturais de Sergipe, v\u00eam surpreendendo com seu potencial e j\u00e1 come\u00e7am a atrair os olhares de ag\u00eancias e profissionais renomados do setor.<\/p>\n\n\n\n<p>Arielle Santos Cardoso, com apenas 13 anos, tem mostrado uma trajet\u00f3ria promissora. Sob os cuidados de sua respons\u00e1vel, Angel Justino dos Santos Cardoso, Arielle come\u00e7ou a despontar como uma das novas promessas do estado no mundo da moda. Seu perfil no Instagram @ariellesantoscardoso tem atra\u00eddo cada vez mais seguidores, confirmando o seu crescente sucesso. Seu talento nas passarelas e seu estilo \u00fanico fazem dela uma das jovens mais comentadas no cen\u00e1rio local.<\/p>\n\n\n\n<p>Jana\u00edna Santos Cardoso, com 14 anos, tamb\u00e9m tem mostrado for\u00e7a em sua caminhada no universo da moda. Ela segue o mesmo caminho da irm\u00e3, se destacando pela sua versatilidade e presen\u00e7a de palco. A modelo tamb\u00e9m \u00e9 acompanhada por sua respons\u00e1vel, Angel Justino dos Santos Cardoso, e tem conquistado f\u00e3s em suas redes sociais, como pode ser visto em seu perfil no Instagram @janaina_santos_cardoso. Sua apar\u00eancia, combinada com sua postura, tem chamado aten\u00e7\u00e3o de fot\u00f3grafos e marcas da moda, tornando-se uma refer\u00eancia para outras jovens que aspiram seguir seus passos.<\/p>\n\n\n<div class=\"wp-block-image\">\n<figure class=\"alignleft\"><a href=\"https:\/\/www.faxaju.com.br\/wp-content\/uploads\/2025\/04\/607fdb14-cb06-44d1-8a07-02b1f9e484c4.jpeg\"><img decoding=\"async\" src=\"https:\/\/www.faxaju.com.br\/wp-content\/uploads\/2025\/04\/607fdb14-cb06-44d1-8a07-02b1f9e484c4-200x300.jpeg\" alt=\"\" class=\"wp-image-516727\"\/><\/a><\/figure><\/div>\n\n\n<p>O talento das duas jovens modelos sergipanas \u00e9 um reflexo da for\u00e7a e da habilidade de muitos jovens do estado, que buscam se destacar em \u00e1reas como a moda e o entretenimento. O mercado local e at\u00e9 mesmo o nacional t\u00eam reconhecido o potencial de Arielle e Jana\u00edna, que n\u00e3o s\u00f3 brilham por sua beleza, mas tamb\u00e9m pela dedica\u00e7\u00e3o e profissionalismo que demonstram desde o in\u00edcio de suas carreiras.<\/p>\n\n\n\n<p>O trabalho de Arielle e Jana\u00edna \u00e9 um reflexo do cen\u00e1rio atual da moda no Brasil, onde as novas gera\u00e7\u00f5es, especialmente de estados como Sergipe, v\u00eam ganhando espa\u00e7o de forma crescente. As duas modelos t\u00eam mostrado que o estado \u00e9 um celeiro de talentos e que o potencial de suas jovens promessas vai al\u00e9m das passarelas de Sergipe.<\/p>\n\n\n\n<p>Por mais que suas trajet\u00f3rias ainda estejam apenas no in\u00edcio, Arielle e Jana\u00edna j\u00e1 demonstram que o futuro promete ser brilhante. Com a orienta\u00e7\u00e3o de suas respons\u00e1veis e o apoio de suas fam\u00edlias, as jovens sergipanas est\u00e3o prestes a escrever um cap\u00edtulo importante na moda nacional.<\/p>\n\n\n\n<p>Para contrata\u00e7\u00f5es e mais informa\u00e7\u00f5es, entre em contato com a respons\u00e1vel Angel Justino dos Santos Cardoso atrav\u00e9s do telefone (79) 99916-2942.<\/p>\n\n\n\n<p>Fonte e foto assessoria<\/p>\n","protected":false},"excerpt":{"rendered":"<p>As jovens modelos sergipanas Arielle Santos Cardoso, de 13 anos, e Jana\u00edna Santos Cardoso, de 14 anos, t\u00eam conquistado destaque no mundo da moda com talento, carisma e dedica\u00e7\u00e3o. Ambas, naturais de Sergipe, v\u00eam surpreendendo com seu potencial e j\u00e1 come\u00e7am a atrair os olhares de ag\u00eancias e profissionais renomados do setor. Arielle Santos Cardoso, [&hellip;]<\/p>\n","protected":false},"author":2,"featured_media":5734,"comment_status":"open","ping_status":"open","sticky":false,"template":"","format":"standard","meta":{"footnotes":""},"categories":[13,10],"tags":[],"class_list":["post-5733","post","type-post","status-publish","format-standard","has-post-thumbnail","hentry","category-acontece","category-noticias"],"_links":{"self":[{"href":"https:\/\/espacolivresergipe.com.br\/index.php\/wp-json\/wp\/v2\/posts\/5733","targetHints":{"allow":["GET"]}}],"collection":[{"href":"https:\/\/espacolivresergipe.com.br\/index.php\/wp-json\/wp\/v2\/posts"}],"about":[{"href":"https:\/\/espacolivresergipe.com.br\/index.php\/wp-json\/wp\/v2\/types\/post"}],"author":[{"embeddable":true,"href":"https:\/\/espacolivresergipe.com.br\/index.php\/wp-json\/wp\/v2\/users\/2"}],"replies":[{"embeddable":true,"href":"https:\/\/espacolivresergipe.com.br\/index.php\/wp-json\/wp\/v2\/comments?post=5733"}],"version-history":[{"count":1,"href":"https:\/\/espacolivresergipe.com.br\/index.php\/wp-json\/wp\/v2\/posts\/5733\/revisions"}],"predecessor-version":[{"id":5735,"href":"https:\/\/espacolivresergipe.com.br\/index.php\/wp-json\/wp\/v2\/posts\/5733\/revisions\/5735"}],"wp:featuredmedia":[{"embeddable":true,"href":"https:\/\/espacolivresergipe.com.br\/index.php\/wp-json\/wp\/v2\/media\/5734"}],"wp:attachment":[{"href":"https:\/\/espacolivresergipe.com.br\/index.php\/wp-json\/wp\/v2\/media?parent=5733"}],"wp:term":[{"taxonomy":"category","embeddable":true,"href":"https:\/\/espacolivresergipe.com.br\/index.php\/wp-json\/wp\/v2\/categories?post=5733"},{"taxonomy":"post_tag","embeddable":true,"href":"https:\/\/espacolivresergipe.com.br\/index.php\/wp-json\/wp\/v2\/tags?post=5733"}],"curies":[{"name":"wp","href":"https:\/\/api.w.org\/{rel}","templated":true}]}}