{"id":6013,"date":"2025-05-02T12:42:55","date_gmt":"2025-05-02T15:42:55","guid":{"rendered":"https:\/\/espacolivresergipe.com.br\/?p=6013"},"modified":"2025-05-02T12:42:56","modified_gmt":"2025-05-02T15:42:56","slug":"governo-divulga-a-programacao-da-primeira-semana-do-41o-jogos-da-primavera-do-estado-de-sergipe","status":"publish","type":"post","link":"https:\/\/espacolivresergipe.com.br\/index.php\/2025\/05\/02\/governo-divulga-a-programacao-da-primeira-semana-do-41o-jogos-da-primavera-do-estado-de-sergipe\/","title":{"rendered":"Governo divulga a programa\u00e7\u00e3o da primeira semana do 41\u00ba Jogos da Primavera do estado de \u00a0Sergipe"},"content":{"rendered":"\n<p>A edi\u00e7\u00e3o de n\u00famero 41 dos Jogos da Primavera de Sergipe come\u00e7a na pr\u00f3xima segunda, 5 de maio, e promete movimentar o esporte escolar no estado at\u00e9 o dia 13 de junho. A competi\u00e7\u00e3o, que este ano reuniu um n\u00famero recorde de 481 escolas inscritas \u2014 sendo 238 estaduais, 106 municipais, 133 particulares e 4 federais \u2014, contar\u00e1 com a participa\u00e7\u00e3o de 11.230 alunos distribu\u00eddos em 28 modalidades e paramodalidades.<\/p>\n\n\n\n<p>Na primeira semana, as modalidades coletivas abrem a programa\u00e7\u00e3o, com destaque para o futsal, v\u00f4lei e basquete. As partidas de futsal ser\u00e3o realizadas diariamente, tanto na capital quanto no interior, com disputas nas cidades de Nossa Senhora do Socorro, Est\u00e2ncia, S\u00e3o Crist\u00f3v\u00e3o e Itabaiana, o dia inteiro. Em Aracaju, os jogos de futsal acontecem no Gin\u00e1sio Const\u00e2ncio Vieira e no Col\u00e9gio Estadual Professor Jacinto Uch\u00f4a, no per\u00edodo da tarde, a partir das 13h. Na segunda-feira, o futsal ser\u00e1 realizado no Col\u00e9gio Santos Dumont, no bairro Aeroporto.<\/p>\n\n\n\n<p>Na quarta-feira, 7, o ciclismo estreia no kart\u00f3dromo, localizado na Orla de Atalaia, durante todo o dia. J\u00e1 no s\u00e1bado, 11, o p\u00fablico poder\u00e1 acompanhar, na quadra poliesportiva Geraldo de Oliveira, mais conhecida como Gerald\u00e3o, em Aracaju, as competi\u00e7\u00f5es de v\u00f4lei sentado, das 8h \u00e0s 12h. A programa\u00e7\u00e3o di\u00e1ria completa poder\u00e1 ser acompanhada pelo perfil oficial da Secretaria de Estado do Esporte e Lazer no Instagram: @esporte.sergipe.<\/p>\n\n\n\n<p>Neste ano, a grande novidade dos Jogos da Primavera \u00e9 a inclus\u00e3o do skate como modalidade oficial, contando com 34 atletas inscritos, entre meninos e meninas. Ao longo do evento, ser\u00e3o disputadas 657 provas, que tamb\u00e9m funcionar\u00e3o como seletiva para importantes competi\u00e7\u00f5es nacionais, como os Jogos da Juventude e os Jogos Escolares Brasileiros (JEB\u2019s).<\/p>\n\n\n\n<p>Ap\u00f3s o primeiro ciclo de competi\u00e7\u00f5es, haver\u00e1 uma breve pausa para o recesso escolar, com retorno previsto para o dia 28 de julho e encerramento oficial no dia 8 de agosto.<\/p>\n\n\n\n<p>De acordo com a secret\u00e1ria de Estado do Esporte e Lazer, Mariana Dantas, a realiza\u00e7\u00e3o dos Jogos da Primavera refor\u00e7a o compromisso do Governo de Sergipe com o est\u00edmulo \u00e0 pr\u00e1tica esportiva desde a escola. \u201cEstamos muito felizes em promover mais uma edi\u00e7\u00e3o dos Jogos da Primavera, um evento tradicional que n\u00e3o s\u00f3 integra nossos estudantes, como tamb\u00e9m revela talentos e contribui para a forma\u00e7\u00e3o cidad\u00e3 dos jovens. Este ano, batemos recorde de inscri\u00e7\u00f5es e ampliamos ainda mais a diversidade das modalidades, com a chegada do skate, o que \u00e9 motivo de grande orgulho para todos n\u00f3s\u201d, destacou a secret\u00e1ria.<\/p>\n\n\n\n<p>Foto: Ascom Seel<\/p>\n","protected":false},"excerpt":{"rendered":"<p>A edi\u00e7\u00e3o de n\u00famero 41 dos Jogos da Primavera de Sergipe come\u00e7a na pr\u00f3xima segunda, 5 de maio, e promete movimentar o esporte escolar no estado at\u00e9 o dia 13 de junho. A competi\u00e7\u00e3o, que este ano reuniu um n\u00famero recorde de 481 escolas inscritas \u2014 sendo 238 estaduais, 106 municipais, 133 particulares e 4 [&hellip;]<\/p>\n","protected":false},"author":2,"featured_media":6014,"comment_status":"open","ping_status":"open","sticky":false,"template":"","format":"standard","meta":{"footnotes":""},"categories":[11,10,7],"tags":[],"class_list":["post-6013","post","type-post","status-publish","format-standard","has-post-thumbnail","hentry","category-destaque","category-noticias","category-sergipe"],"_links":{"self":[{"href":"https:\/\/espacolivresergipe.com.br\/index.php\/wp-json\/wp\/v2\/posts\/6013","targetHints":{"allow":["GET"]}}],"collection":[{"href":"https:\/\/espacolivresergipe.com.br\/index.php\/wp-json\/wp\/v2\/posts"}],"about":[{"href":"https:\/\/espacolivresergipe.com.br\/index.php\/wp-json\/wp\/v2\/types\/post"}],"author":[{"embeddable":true,"href":"https:\/\/espacolivresergipe.com.br\/index.php\/wp-json\/wp\/v2\/users\/2"}],"replies":[{"embeddable":true,"href":"https:\/\/espacolivresergipe.com.br\/index.php\/wp-json\/wp\/v2\/comments?post=6013"}],"version-history":[{"count":1,"href":"https:\/\/espacolivresergipe.com.br\/index.php\/wp-json\/wp\/v2\/posts\/6013\/revisions"}],"predecessor-version":[{"id":6015,"href":"https:\/\/espacolivresergipe.com.br\/index.php\/wp-json\/wp\/v2\/posts\/6013\/revisions\/6015"}],"wp:featuredmedia":[{"embeddable":true,"href":"https:\/\/espacolivresergipe.com.br\/index.php\/wp-json\/wp\/v2\/media\/6014"}],"wp:attachment":[{"href":"https:\/\/espacolivresergipe.com.br\/index.php\/wp-json\/wp\/v2\/media?parent=6013"}],"wp:term":[{"taxonomy":"category","embeddable":true,"href":"https:\/\/espacolivresergipe.com.br\/index.php\/wp-json\/wp\/v2\/categories?post=6013"},{"taxonomy":"post_tag","embeddable":true,"href":"https:\/\/espacolivresergipe.com.br\/index.php\/wp-json\/wp\/v2\/tags?post=6013"}],"curies":[{"name":"wp","href":"https:\/\/api.w.org\/{rel}","templated":true}]}}