{"id":6016,"date":"2025-05-02T12:57:54","date_gmt":"2025-05-02T15:57:54","guid":{"rendered":"https:\/\/espacolivresergipe.com.br\/?p=6016"},"modified":"2025-05-02T12:57:55","modified_gmt":"2025-05-02T15:57:55","slug":"luciano-bispo-ressalta-parceria-de-longas-datas-com-mitidieri-e-ve-com-bons-olhos-jeferson-como-vice-em-2026","status":"publish","type":"post","link":"https:\/\/espacolivresergipe.com.br\/index.php\/2025\/05\/02\/luciano-bispo-ressalta-parceria-de-longas-datas-com-mitidieri-e-ve-com-bons-olhos-jeferson-como-vice-em-2026\/","title":{"rendered":"Luciano Bispo ressalta parceria de longas datas com Mitidieri e v\u00ea com bons olhos Jeferson como vice, em 2026"},"content":{"rendered":"\n<p>Na entrevista que concedeu na \u00faltima quarta-feira (30), ao programa Itnet Not\u00edcias, apresentado pela jornalista Priscila Andrade, o deputado estadual Luciano Bispo (PSD) fez uma an\u00e1lise do atual cen\u00e1rio pol\u00edtico sergipano e dos poss\u00edveis nomes para compor a chapa majorit\u00e1ria governista na elei\u00e7\u00e3o de 2026. Indagado sobre a possibilidade do presidente da Assembleia Legislativa, o deputado estadual Jeferson Andrade (PSD),&nbsp; compor a chapa como vice, Luciano afirmou que o colega parlamentar \u00e9 um grande quadro pol\u00edtico e enfatizou a import\u00e2ncia da fam\u00edlia Andrade neste cen\u00e1rio.<\/p>\n\n\n\n<p>&#8220;Jeferson \u00e9 um deputado experiente,de v\u00e1rios mandatos, e que est\u00e1 aprendendo muito mais agora na condi\u00e7\u00e3o de presidente da Alese. Quando se trata da fam\u00edlia Andrade, pode&nbsp; entregar de olho fechado qualquer cargo p\u00fablico porque eles t\u00eam palavra&#8221;, garantiu.<\/p>\n\n\n\n<p>Luciano tamb\u00e9m falou da sua rela\u00e7\u00e3o com o governador F\u00e1bio Mitidieri (PSD) e de sua parceria pol\u00edtica desde que Mitidieri disputou o primeiro mandato de deputado federal, ap\u00f3s perder a reelei\u00e7\u00e3o para vereador de Aracaju. Eu fui a primeira lideran\u00e7a de Sergipe a apoiar ele para federal. Nossa&nbsp; parceria vem de longas datas. A fam\u00edlia Mitidieri \u00e9 outra que os sergipanos podem ficar tranquilos porque eles tamb\u00e9m t\u00eam palavra, o que \u00e0s vezes \u00e9 raro na pol\u00edtica&#8221;, disse.<\/p>\n\n\n\n<p>Falando em parceria, Luciano ratificou a ascen\u00e7\u00e3o do ex-prefeito de Frei Paulo, Anderson de Z\u00e9 das Canas (MDB), que pretende disputar uma vaga para C\u00e2mara Federal na pr\u00f3xima elei\u00e7\u00e3o. &#8220;Anderson n\u00e3o est\u00e1 caindo de paraquedas em Itabaiana. Foi vereador por 4 mandatos e comanda a pol\u00edtica de Frei Paulo, tendo dois mandatos de prefeitos e fazendo seu sucessor. \u00c9 um grande nome para a disputa e vamos juntos percorrer todo Sergipe&#8221;, disse.<\/p>\n\n\n\n<p>Alok em Itabaiana<\/p>\n\n\n\n<p>Luciano tamb\u00e9m foi indagado sobre a vinda de Alok para Itabaiana -caso que ganhou bastante repercuss\u00e3o no cen\u00e1rio sergipano nos \u00faltimos dias. Ele salientou que \u00e9 um pol\u00edtico que atua em v\u00e1rias frentes para ajudar o estado, sobretudo na sa\u00fade. Por\u00e9m, proporcionar entretenimento tamb\u00e9m faz parte do seu trabalho enquanto um servidor do povo. Ele explicou que a escolha por Alok se deu ainda durante a campanha eleitoral, em 2024, quando consultou os jovens sobre qual atra\u00e7\u00e3o eles queriam na segunda edi\u00e7\u00e3o do festival de m\u00fasica, que \u00e9 uma a\u00e7\u00e3o do seu mandato.<\/p>\n\n\n\n<p>&#8220;Durante uma reuni\u00e3o com os jovens, 80% deles escolheram Alok para o festival. Eu ouvi e perguntei a algumas pessoas quem era Alok. Da\u00ed surgiu a ideia da atra\u00e7\u00e3o, que est\u00e1 confirmada para o pr\u00f3ximo dia 10&#8221;, explicou.<\/p>\n\n\n\n<p>Reforma do Hospital<\/p>\n\n\n\n<p>Luciano Bispo ressaltou que n\u00e3o destinou emenda s\u00f3 para a atra\u00e7\u00e3o art\u00edstica, mas tamb\u00e9m para o Hospital Regional de Itabaiana, que receber\u00e1 uma ampla reforma com R$ 5 milh\u00f5es de uma emenda pleiteada junto ao senador Alessandro Vieira. &#8220;N\u00f3s pr\u00f3ximos 30 dias, haver\u00e1 a licita\u00e7\u00e3o para definir a empresa que vai fazer a grande reforma. Itabaiana tamb\u00e9m ser\u00e1 o primeiro munic\u00edpio a receber um equipamento de resson\u00e2ncia magn\u00e9tica, que deve custar em torno de R$ 10 milh\u00f5es, e ser\u00e1 ofertado pelo mandato do senador La\u00e9rcio Oliveira&#8221;, disse.<\/p>\n\n\n\n<p>Da assessoria<\/p>\n","protected":false},"excerpt":{"rendered":"<p>Na entrevista que concedeu na \u00faltima quarta-feira (30), ao programa Itnet Not\u00edcias, apresentado pela jornalista Priscila Andrade, o deputado estadual Luciano Bispo (PSD) fez uma an\u00e1lise do atual cen\u00e1rio pol\u00edtico sergipano e dos poss\u00edveis nomes para compor a chapa majorit\u00e1ria governista na elei\u00e7\u00e3o de 2026. Indagado sobre a possibilidade do presidente da Assembleia Legislativa, o [&hellip;]<\/p>\n","protected":false},"author":2,"featured_media":6017,"comment_status":"open","ping_status":"open","sticky":false,"template":"","format":"standard","meta":{"footnotes":""},"categories":[12,2],"tags":[],"class_list":["post-6016","post","type-post","status-publish","format-standard","has-post-thumbnail","hentry","category-agora","category-politica"],"_links":{"self":[{"href":"https:\/\/espacolivresergipe.com.br\/index.php\/wp-json\/wp\/v2\/posts\/6016","targetHints":{"allow":["GET"]}}],"collection":[{"href":"https:\/\/espacolivresergipe.com.br\/index.php\/wp-json\/wp\/v2\/posts"}],"about":[{"href":"https:\/\/espacolivresergipe.com.br\/index.php\/wp-json\/wp\/v2\/types\/post"}],"author":[{"embeddable":true,"href":"https:\/\/espacolivresergipe.com.br\/index.php\/wp-json\/wp\/v2\/users\/2"}],"replies":[{"embeddable":true,"href":"https:\/\/espacolivresergipe.com.br\/index.php\/wp-json\/wp\/v2\/comments?post=6016"}],"version-history":[{"count":1,"href":"https:\/\/espacolivresergipe.com.br\/index.php\/wp-json\/wp\/v2\/posts\/6016\/revisions"}],"predecessor-version":[{"id":6018,"href":"https:\/\/espacolivresergipe.com.br\/index.php\/wp-json\/wp\/v2\/posts\/6016\/revisions\/6018"}],"wp:featuredmedia":[{"embeddable":true,"href":"https:\/\/espacolivresergipe.com.br\/index.php\/wp-json\/wp\/v2\/media\/6017"}],"wp:attachment":[{"href":"https:\/\/espacolivresergipe.com.br\/index.php\/wp-json\/wp\/v2\/media?parent=6016"}],"wp:term":[{"taxonomy":"category","embeddable":true,"href":"https:\/\/espacolivresergipe.com.br\/index.php\/wp-json\/wp\/v2\/categories?post=6016"},{"taxonomy":"post_tag","embeddable":true,"href":"https:\/\/espacolivresergipe.com.br\/index.php\/wp-json\/wp\/v2\/tags?post=6016"}],"curies":[{"name":"wp","href":"https:\/\/api.w.org\/{rel}","templated":true}]}}