{"id":6025,"date":"2025-05-02T14:11:11","date_gmt":"2025-05-02T17:11:11","guid":{"rendered":"https:\/\/espacolivresergipe.com.br\/?p=6025"},"modified":"2025-05-02T14:11:12","modified_gmt":"2025-05-02T17:11:12","slug":"emilia-prestigia-transmissao-de-cargo-de-governador-para-a-desembargadora-lolanda-guimaraes","status":"publish","type":"post","link":"https:\/\/espacolivresergipe.com.br\/index.php\/2025\/05\/02\/emilia-prestigia-transmissao-de-cargo-de-governador-para-a-desembargadora-lolanda-guimaraes\/","title":{"rendered":"Em\u00edlia prestigia transmiss\u00e3o de cargo de governador para a desembargadora lolanda Guimar\u00e3es"},"content":{"rendered":"\n<p>A prefeita Em\u00edlia Corr\u00eaa prestigiou nesta sexta-feira, 2, a transmiss\u00e3o de cargo de chefe do Executivo estadual para a presidente do Tribunal de Justi\u00e7a do Estado de Sergipe (TJ\/SE), desembargadora lolanda Santos Guimar\u00e3es. A solenidade foi realizada no Pal\u00e1cio Museu Ol\u00edmpio Campos, no Centro da cidade.<\/p>\n\n\n\n<p>De forma interina, a desembargadora estar\u00e1 \u00e0 frente do Governo do Estado at\u00e9 o dia 10 de maio, em raz\u00e3o de miss\u00e3o do governador F\u00e1bio Mitidieri nos Estados Unidos com o presidente da Assembleia Legislativa, Jeferson Andrade. J\u00e1 o vice-governador Zezinho Sobral estar\u00e1 em miss\u00e3o em Barcelona, na Espanha.<\/p>\n\n\n\n<p>O momento emblem\u00e1tico, em que duas mulheres ocupam a lideran\u00e7a dos Executivos da capital e do Estado, foi celebrado pela prefeita Em\u00edlia. &#8220;\u00c9 uma mulher dando a m\u00e3o a outra mulher, e \u00e9 uma mulher que conhece o trabalho da outra mulher, porque eu trabalhei com a doutora Iolanda, ela como ju\u00edza e eu como defensora p\u00fablica. E agora ela est\u00e1 no comando do Governo do Estado e eu no comando da capital\u201d, destacou ela.<\/p>\n\n\n\n<p>Na oportunidade, a prefeita revelou que j\u00e1 alinhou com a governadora em exerc\u00edcio uma visita \u00e0 Prefeitura de Aracaju. \u201cEla vai nos visitar na prefeitura, e eu serei muito honrada com a governadora visitando a prefeita, com certeza vamos trocar algumas ideias. O que for poss\u00edvel fazer nesse tempinho, o que ela precisar da prefeita, ela ter\u00e1, porque esse \u00e9 o momento mais emblem\u00e1tico e mais forte\u201d, completou.<\/p>\n\n\n\n<p>A governadora em exerc\u00edcio classificou a transmiss\u00e3o de cargo como um reflexo da ascens\u00e3o de mulheres e a ocupa\u00e7\u00e3o de espa\u00e7os de poder. \u201cA mulher est\u00e1 alcan\u00e7ando os lugares de direito tamb\u00e9m, porque n\u00f3s temos uma popula\u00e7\u00e3o feminina e isso incentiva, inspira outras mulheres. Eu espero que, com essa ascens\u00e3o, e sempre ressalto, que outras mulheres se sintam prestigiadas e representando. O meu gabinete est\u00e1 de portas abertas para todas essas quest\u00f5es envolvendo as mulheres\u201d, afirmou Iolanda Guimar\u00e3es.<\/p>\n\n\n\n<p>Governadora em exerc\u00edcio<\/p>\n\n\n\n<p>Iolanda Santos Guimar\u00e3es \u00e9 natural de Aracaju (SE) e bacharel em Direito pela Universidade Federal de Sergipe (UFS), desde 1985.<\/p>\n\n\n\n<p>Ela foi empossada como ju\u00edza do TJ\/SE em 26 de dezembro de 1989 e chegou ao 2\u00ba Grau em junho de 2014, pelo crit\u00e9rio de merecimento. Iolanda Guimar\u00e3es assumiu a presid\u00eancia do Tribunal de Justi\u00e7a de Sergipe em 03 de fevereiro deste ano, durante a posse da mesa diretora para o bi\u00eanio 2025\/2027.<\/p>\n\n\n\n<p>Texto e foto AAN<\/p>\n","protected":false},"excerpt":{"rendered":"<p>A prefeita Em\u00edlia Corr\u00eaa prestigiou nesta sexta-feira, 2, a transmiss\u00e3o de cargo de chefe do Executivo estadual para a presidente do Tribunal de Justi\u00e7a do Estado de Sergipe (TJ\/SE), desembargadora lolanda Santos Guimar\u00e3es. A solenidade foi realizada no Pal\u00e1cio Museu Ol\u00edmpio Campos, no Centro da cidade. De forma interina, a desembargadora estar\u00e1 \u00e0 frente do [&hellip;]<\/p>\n","protected":false},"author":2,"featured_media":6026,"comment_status":"open","ping_status":"open","sticky":false,"template":"","format":"standard","meta":{"footnotes":""},"categories":[12,2],"tags":[],"class_list":["post-6025","post","type-post","status-publish","format-standard","has-post-thumbnail","hentry","category-agora","category-politica"],"_links":{"self":[{"href":"https:\/\/espacolivresergipe.com.br\/index.php\/wp-json\/wp\/v2\/posts\/6025","targetHints":{"allow":["GET"]}}],"collection":[{"href":"https:\/\/espacolivresergipe.com.br\/index.php\/wp-json\/wp\/v2\/posts"}],"about":[{"href":"https:\/\/espacolivresergipe.com.br\/index.php\/wp-json\/wp\/v2\/types\/post"}],"author":[{"embeddable":true,"href":"https:\/\/espacolivresergipe.com.br\/index.php\/wp-json\/wp\/v2\/users\/2"}],"replies":[{"embeddable":true,"href":"https:\/\/espacolivresergipe.com.br\/index.php\/wp-json\/wp\/v2\/comments?post=6025"}],"version-history":[{"count":1,"href":"https:\/\/espacolivresergipe.com.br\/index.php\/wp-json\/wp\/v2\/posts\/6025\/revisions"}],"predecessor-version":[{"id":6027,"href":"https:\/\/espacolivresergipe.com.br\/index.php\/wp-json\/wp\/v2\/posts\/6025\/revisions\/6027"}],"wp:featuredmedia":[{"embeddable":true,"href":"https:\/\/espacolivresergipe.com.br\/index.php\/wp-json\/wp\/v2\/media\/6026"}],"wp:attachment":[{"href":"https:\/\/espacolivresergipe.com.br\/index.php\/wp-json\/wp\/v2\/media?parent=6025"}],"wp:term":[{"taxonomy":"category","embeddable":true,"href":"https:\/\/espacolivresergipe.com.br\/index.php\/wp-json\/wp\/v2\/categories?post=6025"},{"taxonomy":"post_tag","embeddable":true,"href":"https:\/\/espacolivresergipe.com.br\/index.php\/wp-json\/wp\/v2\/tags?post=6025"}],"curies":[{"name":"wp","href":"https:\/\/api.w.org\/{rel}","templated":true}]}}