{"id":6063,"date":"2025-05-03T06:14:44","date_gmt":"2025-05-03T09:14:44","guid":{"rendered":"https:\/\/espacolivresergipe.com.br\/?p=6063"},"modified":"2025-05-03T06:14:44","modified_gmt":"2025-05-03T09:14:44","slug":"prefeita-emilia-se-reune-com-secretariado-e-alinha-continuidade-do-planejamento-estrategico-da-gestao","status":"publish","type":"post","link":"https:\/\/espacolivresergipe.com.br\/index.php\/2025\/05\/03\/prefeita-emilia-se-reune-com-secretariado-e-alinha-continuidade-do-planejamento-estrategico-da-gestao\/","title":{"rendered":"Prefeita Em\u00edlia se re\u00fane com secretariado e alinha continuidade do planejamento estrat\u00e9gico da gest\u00e3o"},"content":{"rendered":"\n<p>A prefeita de Aracaju, Em\u00edlia Corr\u00eaa, se reuniu nesta sexta-feira, 2, com o secretariado municipal, al\u00e9m de dirigentes de autarquias e funda\u00e7\u00f5es, para mais uma rodada de alinhamento do planejamento estrat\u00e9gico da gest\u00e3o 2025-2028. O encontro foi dedicado \u00e0 an\u00e1lise conjunta de metas, revis\u00e3o de prioridades e \u00e0 identifica\u00e7\u00e3o de poss\u00edveis ajustes nas a\u00e7\u00f5es previstas para os pr\u00f3ximos anos.<\/p>\n\n\n\n<p>Durante a reuni\u00e3o, cada gestor teve a oportunidade de apresentar as demandas espec\u00edficas de sua pasta. A ocasi\u00e3o tamb\u00e9m marcou a apresenta\u00e7\u00e3o-piloto da Plataforma Target, ferramenta que ser\u00e1 utilizada como base para o acompanhamento do planejamento estrat\u00e9gico. De acordo com a prefeita, esse trabalho garantir\u00e1 mais efetividade no monitoramento das a\u00e7\u00f5es. \u201cA gente j\u00e1 vinha trabalhando nesse projeto, s\u00f3 que, desta vez, vamos efetivar j\u00e1 o programa estrat\u00e9gico, no qual todos os secret\u00e1rios v\u00e3o alimentar esse sistema e a gente vai ficar sabendo das a\u00e7\u00f5es de todas as pastas, e isso \u00e9 muito bom para dar agilidade nas decis\u00f5es e na entrega. Ent\u00e3o, essa \u00e9 uma reuni\u00e3o para a gente alinhar com a nossa equipe de trabalho, que s\u00e3o os secret\u00e1rios\u201d, explicou Em\u00edlia Corr\u00eaa.<\/p>\n\n\n\n<p>&nbsp;\u201cA ideia \u00e9 garantir que tudo o que a popula\u00e7\u00e3o precisa chegue com qualidade e no tempo certo. Esse processo tamb\u00e9m nos ajuda a organizar as prioridades, definir cada etapa com clareza e evitar atropelos, dando mais seguran\u00e7a para toda a equipe e para a condu\u00e7\u00e3o da gest\u00e3o\u201d, completou a prefeita.<\/p>\n\n\n\n<p>Para a secret\u00e1ria da Fam\u00edlia e Assist\u00eancia Social de Aracaju, Simone Valadares, o bom entrosamento entre as equipes \u00e9 essencial para que as metas da gest\u00e3o sejam alcan\u00e7adas com efici\u00eancia. \u201cFinalizamos os 100 dias e agora vamos come\u00e7ar o planejamento estrat\u00e9gico para os quatro anos. Ent\u00e3o, assim, s\u00f3 se pode executar bem se planejarmos. E o objetivo dessa reuni\u00e3o \u00e9 o alinhamento de todos os secret\u00e1rios, visando implementar o que est\u00e1 contido no programa de governo da prefeita Em\u00edlia\u201d, frisou. \u201cN\u00f3s completamos quase a totalidade de tudo o que estava previsto para os 100 dias. E j\u00e1 estamos trabalhando nos nossos projetos, metas e a\u00e7\u00f5es para o planejamento estrat\u00e9gico. J\u00e1 tivemos duas reuni\u00f5es internas na secretaria, tra\u00e7ando o nosso planejamento, que vai ser apresentado para a prefeita para aprova\u00e7\u00e3o\u201d, informou.<\/p>\n\n\n\n<p>A consultora para assuntos governamentais e respons\u00e1vel pelo planejamento estrat\u00e9gico da gest\u00e3o, Alana Vasconcelos, ressaltou que esse trabalho representa um instrumento fundamental para direcionar as iniciativas da administra\u00e7\u00e3o municipal. \u201cQuando n\u00f3s falamos de planejamento estrat\u00e9gico, estamos falando da constru\u00e7\u00e3o do que a prefeita, juntamente com todos os seus secret\u00e1rios e sua equipe, tanto da administra\u00e7\u00e3o direta quanto indireta, v\u00e3o trazer para a popula\u00e7\u00e3o nesse tempo de gest\u00e3o\u201d, explicou. De acordo com ela, a partir desse processo s\u00e3o avaliados \u201cquais s\u00e3o os projetos que v\u00e3o impactar Aracaju, sempre respeitando valores como os Objetivos de Desenvolvimento Sustent\u00e1vel, o pr\u00f3prio plano de governo da prefeita e do vice-prefeito, bem como o que a sociedade de Aracaju necessita\u201d, concluiu.<\/p>\n\n\n\n<p>Foto: Felipe Bass\/PMA<\/p>\n","protected":false},"excerpt":{"rendered":"<p>A prefeita de Aracaju, Em\u00edlia Corr\u00eaa, se reuniu nesta sexta-feira, 2, com o secretariado municipal, al\u00e9m de dirigentes de autarquias e funda\u00e7\u00f5es, para mais uma rodada de alinhamento do planejamento estrat\u00e9gico da gest\u00e3o 2025-2028. O encontro foi dedicado \u00e0 an\u00e1lise conjunta de metas, revis\u00e3o de prioridades e \u00e0 identifica\u00e7\u00e3o de poss\u00edveis ajustes nas a\u00e7\u00f5es previstas [&hellip;]<\/p>\n","protected":false},"author":2,"featured_media":6064,"comment_status":"open","ping_status":"open","sticky":false,"template":"","format":"standard","meta":{"footnotes":""},"categories":[11,6,2],"tags":[],"class_list":["post-6063","post","type-post","status-publish","format-standard","has-post-thumbnail","hentry","category-destaque","category-letreiro","category-politica"],"_links":{"self":[{"href":"https:\/\/espacolivresergipe.com.br\/index.php\/wp-json\/wp\/v2\/posts\/6063","targetHints":{"allow":["GET"]}}],"collection":[{"href":"https:\/\/espacolivresergipe.com.br\/index.php\/wp-json\/wp\/v2\/posts"}],"about":[{"href":"https:\/\/espacolivresergipe.com.br\/index.php\/wp-json\/wp\/v2\/types\/post"}],"author":[{"embeddable":true,"href":"https:\/\/espacolivresergipe.com.br\/index.php\/wp-json\/wp\/v2\/users\/2"}],"replies":[{"embeddable":true,"href":"https:\/\/espacolivresergipe.com.br\/index.php\/wp-json\/wp\/v2\/comments?post=6063"}],"version-history":[{"count":1,"href":"https:\/\/espacolivresergipe.com.br\/index.php\/wp-json\/wp\/v2\/posts\/6063\/revisions"}],"predecessor-version":[{"id":6065,"href":"https:\/\/espacolivresergipe.com.br\/index.php\/wp-json\/wp\/v2\/posts\/6063\/revisions\/6065"}],"wp:featuredmedia":[{"embeddable":true,"href":"https:\/\/espacolivresergipe.com.br\/index.php\/wp-json\/wp\/v2\/media\/6064"}],"wp:attachment":[{"href":"https:\/\/espacolivresergipe.com.br\/index.php\/wp-json\/wp\/v2\/media?parent=6063"}],"wp:term":[{"taxonomy":"category","embeddable":true,"href":"https:\/\/espacolivresergipe.com.br\/index.php\/wp-json\/wp\/v2\/categories?post=6063"},{"taxonomy":"post_tag","embeddable":true,"href":"https:\/\/espacolivresergipe.com.br\/index.php\/wp-json\/wp\/v2\/tags?post=6063"}],"curies":[{"name":"wp","href":"https:\/\/api.w.org\/{rel}","templated":true}]}}