{"id":6072,"date":"2025-05-03T07:00:27","date_gmt":"2025-05-03T10:00:27","guid":{"rendered":"https:\/\/espacolivresergipe.com.br\/?p=6072"},"modified":"2025-05-03T07:00:27","modified_gmt":"2025-05-03T10:00:27","slug":"deputado-garibalde-mendonca-assume-interinamente-a-presidencia-da-alese","status":"publish","type":"post","link":"https:\/\/espacolivresergipe.com.br\/index.php\/2025\/05\/03\/deputado-garibalde-mendonca-assume-interinamente-a-presidencia-da-alese\/","title":{"rendered":"Deputado Garibalde Mendon\u00e7a assume interinamente a presid\u00eancia da Alese"},"content":{"rendered":"\n<p>O deputado estadual Garibalde Mendon\u00e7a (PDT), vice-presidente da Assembleia Legislativa de Sergipe (Alese), assumiu interinamente a presid\u00eancia do Poder Legislativo nesta sexta-feira (2). A transmiss\u00e3o do cargo ocorreu em virtude da viagem internacional do presidente da Casa, deputado Jeferson Andrade (PSD).<\/p>\n\n\n\n<p><strong>Miss\u00e3o internacional<\/strong><\/p>\n\n\n\n<p>Jeferson Andrade integra a comitiva liderada pelo governador F\u00e1bio Mitidieri (PSD), que cumpre agenda oficial no estado do Texas, nos Estados Unidos. A miss\u00e3o tem como objetivo participar da Offshore Technology Conference (OTC 2025), um dos maiores eventos globais do setor de energia, al\u00e9m de visitar o complexo da Optimus Technology Group. A perspectiva do Governo \u00e9 instalar em Sergipe um data center e um centro de pesquisa tecnol\u00f3gica.<\/p>\n\n\n\n<p><img loading=\"lazy\" decoding=\"async\" src=\"https:\/\/al.se.leg.br\/wp-content\/uploads\/2025\/05\/78c4c151-e472-4cd6-ba49-db078649998c-300x200.jpeg\" srcset=\"https:\/\/al.se.leg.br\/wp-content\/uploads\/2025\/05\/78c4c151-e472-4cd6-ba49-db078649998c-300x200.jpeg 300w, https:\/\/al.se.leg.br\/wp-content\/uploads\/2025\/05\/78c4c151-e472-4cd6-ba49-db078649998c-1024x682.jpeg 1024w, https:\/\/al.se.leg.br\/wp-content\/uploads\/2025\/05\/78c4c151-e472-4cd6-ba49-db078649998c-768x512.jpeg 768w, https:\/\/al.se.leg.br\/wp-content\/uploads\/2025\/05\/78c4c151-e472-4cd6-ba49-db078649998c.jpeg 1280w\" alt=\"\" width=\"300\" height=\"200\"><\/p>\n\n\n\n<p id=\"caption-attachment-165925\">F\u00e1bio Mitidieri<\/p>\n\n\n\n<p>\u201cO momento \u00e9 decisivo para a economia de Sergipe. Vamos a OTC em busca de parcerias internacionais que tragam investimentos, gerem empregos e impulsionem ainda mais o desenvolvimento do nosso estado\u201d, declarou o governador F\u00e1bio Mitidieri.<\/p>\n\n\n\n<p>O retorno da comitiva sergipana est\u00e1 previsto para o dia 10 de maio.<\/p>\n\n\n\n<p><strong>Governadora em exerc\u00edcio<\/strong><\/p>\n\n\n\n<p>Durante a aus\u00eancia do governador, a desembargadora Iolanda Guimar\u00e3es, presidente do Tribunal de Justi\u00e7a de Sergipe (TJSE), assumiu interinamente o comando do Executivo estadual. A solenidade de transmiss\u00e3o do cargo foi realizada \u00e0s 9h, no Museu Pal\u00e1cio Ol\u00edmpio Campos, em Aracaju.<\/p>\n\n\n\n<p>Al\u00e9m do presidente do Poder Legislativo, o deputado Jeferson Andrade, tamb\u00e9m participaram da solenidade, os deputados Cristiano Cavalcante (Uni\u00e3o) e Luciano Bispo (PSD).&nbsp;<\/p>\n\n\n\n<p>\u201cO governo est\u00e1 em boas m\u00e3os. Com sua intelig\u00eancia e capacidade, Iolanda Guimar\u00e3es saber\u00e1 conduzir os destinos de Sergipe e defender os interesses do Estado durante a interinidade. Ela representa a habilidade e o poder da mulher sergipana\u201d, declarou Jeferson Andrade.<\/p>\n\n\n\n<p>Foto: Jadilson Sim\u00f5es<\/p>\n\n\n\n<p>Por D\u00e9bora Nepomuceno Marques<\/p>\n","protected":false},"excerpt":{"rendered":"<p>O deputado estadual Garibalde Mendon\u00e7a (PDT), vice-presidente da Assembleia Legislativa de Sergipe (Alese), assumiu interinamente a presid\u00eancia do Poder Legislativo nesta sexta-feira (2). A transmiss\u00e3o do cargo ocorreu em virtude da viagem internacional do presidente da Casa, deputado Jeferson Andrade (PSD). Miss\u00e3o internacional Jeferson Andrade integra a comitiva liderada pelo governador F\u00e1bio Mitidieri (PSD), que [&hellip;]<\/p>\n","protected":false},"author":2,"featured_media":6073,"comment_status":"open","ping_status":"open","sticky":false,"template":"","format":"standard","meta":{"footnotes":""},"categories":[12,2],"tags":[],"class_list":["post-6072","post","type-post","status-publish","format-standard","has-post-thumbnail","hentry","category-agora","category-politica"],"_links":{"self":[{"href":"https:\/\/espacolivresergipe.com.br\/index.php\/wp-json\/wp\/v2\/posts\/6072","targetHints":{"allow":["GET"]}}],"collection":[{"href":"https:\/\/espacolivresergipe.com.br\/index.php\/wp-json\/wp\/v2\/posts"}],"about":[{"href":"https:\/\/espacolivresergipe.com.br\/index.php\/wp-json\/wp\/v2\/types\/post"}],"author":[{"embeddable":true,"href":"https:\/\/espacolivresergipe.com.br\/index.php\/wp-json\/wp\/v2\/users\/2"}],"replies":[{"embeddable":true,"href":"https:\/\/espacolivresergipe.com.br\/index.php\/wp-json\/wp\/v2\/comments?post=6072"}],"version-history":[{"count":1,"href":"https:\/\/espacolivresergipe.com.br\/index.php\/wp-json\/wp\/v2\/posts\/6072\/revisions"}],"predecessor-version":[{"id":6074,"href":"https:\/\/espacolivresergipe.com.br\/index.php\/wp-json\/wp\/v2\/posts\/6072\/revisions\/6074"}],"wp:featuredmedia":[{"embeddable":true,"href":"https:\/\/espacolivresergipe.com.br\/index.php\/wp-json\/wp\/v2\/media\/6073"}],"wp:attachment":[{"href":"https:\/\/espacolivresergipe.com.br\/index.php\/wp-json\/wp\/v2\/media?parent=6072"}],"wp:term":[{"taxonomy":"category","embeddable":true,"href":"https:\/\/espacolivresergipe.com.br\/index.php\/wp-json\/wp\/v2\/categories?post=6072"},{"taxonomy":"post_tag","embeddable":true,"href":"https:\/\/espacolivresergipe.com.br\/index.php\/wp-json\/wp\/v2\/tags?post=6072"}],"curies":[{"name":"wp","href":"https:\/\/api.w.org\/{rel}","templated":true}]}}