{"id":6075,"date":"2025-05-03T07:10:16","date_gmt":"2025-05-03T10:10:16","guid":{"rendered":"https:\/\/espacolivresergipe.com.br\/?p=6075"},"modified":"2025-05-03T07:10:17","modified_gmt":"2025-05-03T10:10:17","slug":"educacao-de-aracaju-realizara-auloes-de-reforco-para-alunos-que-farao-o-saeb","status":"publish","type":"post","link":"https:\/\/espacolivresergipe.com.br\/index.php\/2025\/05\/03\/educacao-de-aracaju-realizara-auloes-de-reforco-para-alunos-que-farao-o-saeb\/","title":{"rendered":"Educa\u00e7\u00e3o de Aracaju realizar\u00e1 aul\u00f5es de refor\u00e7o para alunos que far\u00e3o o Saeb"},"content":{"rendered":"\n<p>A Educa\u00e7\u00e3o de Aracaju realizar\u00e1, a partir do m\u00eas de maio, aul\u00f5es com os alunos da rede municipal de ensino dos 2\u00ba, 5\u00ba e 9\u00ba anos, com o objetivo de refor\u00e7ar a prepara\u00e7\u00e3o dos estudantes para o Sistema de Avalia\u00e7\u00e3o da Educa\u00e7\u00e3o B\u00e1sica (Saeb), um conjunto de avalia\u00e7\u00f5es externas, em larga escala, que permite realizar um diagn\u00f3stico da educa\u00e7\u00e3o b\u00e1sica brasileira.<\/p>\n\n\n\n<p>O Saeb, que ocorre a cada dois anos, tem previs\u00e3o para acontecer em outubro ou novembro de 2025 e ser\u00e1 fundamental para diagnosticar a qualidade da educa\u00e7\u00e3o b\u00e1sica em Aracaju. A estimativa \u00e9 que 6.976 alunos fa\u00e7am a avalia\u00e7\u00e3o na capital sergipana.<\/p>\n\n\n\n<p>As aulas de refor\u00e7o das mat\u00e9rias de Portugu\u00eas e Matem\u00e1tica come\u00e7aram um m\u00eas antes do previsto pelo Minist\u00e9rio da Educa\u00e7\u00e3o (MEC). Elas aconteceriam em junho, mas a Educa\u00e7\u00e3o de Aracaju optou por adiantar o processo para maio. \u201cN\u00f3s estamos nos antecipando e os professores j\u00e1 est\u00e3o trabalhando para que os alunos possam se sair bem na prova, pois a Secretaria da Educa\u00e7\u00e3o est\u00e1 intensificando os trabalhos com esses aul\u00f5es para incentivar os alunos a entenderem a import\u00e2ncia desta prova\u201d, explicou a assessora pedag\u00f3gica dos professores dos anos finais da Secretaria da Educa\u00e7\u00e3o, Roberta Martins.<\/p>\n\n\n\n<p>A Educa\u00e7\u00e3o de Aracaju est\u00e1 acompanhando os alunos com cadernos de revis\u00e3o, que t\u00eam um formato de simulados. Agora, os aul\u00f5es ir\u00e3o ajudar ainda mais na prepara\u00e7\u00e3o para a prova do Saeb. \u201cEssas a\u00e7\u00f5es resultam no desempenho das habilidades, que nos d\u00e3o respaldo para a constru\u00e7\u00e3o dos aul\u00f5es. Assim, conseguimos saber as dificuldades dos alunos e preparar aul\u00f5es que foquem nas necessidades da aprendizagem\u201d, afirmou a coordenadora do Ensino Fundamental de Aracaju, Giselle Machado de Souza Oliveira.<\/p>\n\n\n\n<p>As 19 escolas que ter\u00e3o os aul\u00f5es para o Saeb s\u00e3o: An\u00edsio Teixeira, Deputado Jaime Ara\u00fajo, Doutor Carvalho Neto, Jo\u00e3o Teles Menezes, Jornalista Orlando Dantas, Jos\u00e9 Conrado de Ara\u00fajo, Juscelino Kubitschek, Manoel Bomfim, Olga Ben\u00e1rio, Ovi\u00eado Teixeira, Presidente Tancredo Neves, Presidente Vargas, Professora Alcebiades Melo Vilas Boas, Jos\u00e9 Ant\u00f4nio da Costa Melo, Professor Florentino Menezes, Professor Laonte Gama, Sabino Ribeiro, Santa Rita de C\u00e1ssia e S\u00e9rgio Francisco da Silva.<\/p>\n\n\n\n<p>As aulas de refor\u00e7o come\u00e7am na pr\u00f3xima segunda-feira, dia 5 de maio, \u00e0s 8h, na Escola Presidente Vargas, no bairro Siqueira Campos, zona oeste de Aracaju.<\/p>\n\n\n\n<p>Foto: Mylena Santos<\/p>\n","protected":false},"excerpt":{"rendered":"<p>A Educa\u00e7\u00e3o de Aracaju realizar\u00e1, a partir do m\u00eas de maio, aul\u00f5es com os alunos da rede municipal de ensino dos 2\u00ba, 5\u00ba e 9\u00ba anos, com o objetivo de refor\u00e7ar a prepara\u00e7\u00e3o dos estudantes para o Sistema de Avalia\u00e7\u00e3o da Educa\u00e7\u00e3o B\u00e1sica (Saeb), um conjunto de avalia\u00e7\u00f5es externas, em larga escala, que permite realizar [&hellip;]<\/p>\n","protected":false},"author":2,"featured_media":6076,"comment_status":"open","ping_status":"open","sticky":false,"template":"","format":"standard","meta":{"footnotes":""},"categories":[13,10],"tags":[],"class_list":["post-6075","post","type-post","status-publish","format-standard","has-post-thumbnail","hentry","category-acontece","category-noticias"],"_links":{"self":[{"href":"https:\/\/espacolivresergipe.com.br\/index.php\/wp-json\/wp\/v2\/posts\/6075","targetHints":{"allow":["GET"]}}],"collection":[{"href":"https:\/\/espacolivresergipe.com.br\/index.php\/wp-json\/wp\/v2\/posts"}],"about":[{"href":"https:\/\/espacolivresergipe.com.br\/index.php\/wp-json\/wp\/v2\/types\/post"}],"author":[{"embeddable":true,"href":"https:\/\/espacolivresergipe.com.br\/index.php\/wp-json\/wp\/v2\/users\/2"}],"replies":[{"embeddable":true,"href":"https:\/\/espacolivresergipe.com.br\/index.php\/wp-json\/wp\/v2\/comments?post=6075"}],"version-history":[{"count":1,"href":"https:\/\/espacolivresergipe.com.br\/index.php\/wp-json\/wp\/v2\/posts\/6075\/revisions"}],"predecessor-version":[{"id":6077,"href":"https:\/\/espacolivresergipe.com.br\/index.php\/wp-json\/wp\/v2\/posts\/6075\/revisions\/6077"}],"wp:featuredmedia":[{"embeddable":true,"href":"https:\/\/espacolivresergipe.com.br\/index.php\/wp-json\/wp\/v2\/media\/6076"}],"wp:attachment":[{"href":"https:\/\/espacolivresergipe.com.br\/index.php\/wp-json\/wp\/v2\/media?parent=6075"}],"wp:term":[{"taxonomy":"category","embeddable":true,"href":"https:\/\/espacolivresergipe.com.br\/index.php\/wp-json\/wp\/v2\/categories?post=6075"},{"taxonomy":"post_tag","embeddable":true,"href":"https:\/\/espacolivresergipe.com.br\/index.php\/wp-json\/wp\/v2\/tags?post=6075"}],"curies":[{"name":"wp","href":"https:\/\/api.w.org\/{rel}","templated":true}]}}