{"id":6078,"date":"2025-05-03T07:19:00","date_gmt":"2025-05-03T10:19:00","guid":{"rendered":"https:\/\/espacolivresergipe.com.br\/?p=6078"},"modified":"2025-05-03T07:19:01","modified_gmt":"2025-05-03T10:19:01","slug":"sao-pedro-de-capela-tera-xand-aviao-iguinho-e-lulinha-natanzinho-lima-e-muito-mais","status":"publish","type":"post","link":"https:\/\/espacolivresergipe.com.br\/index.php\/2025\/05\/03\/sao-pedro-de-capela-tera-xand-aviao-iguinho-e-lulinha-natanzinho-lima-e-muito-mais\/","title":{"rendered":"S\u00e3o Pedro de Capela ter\u00e1 Xand Avi\u00e3o, Iguinho e Lulinha, Natanzinho Lima e muito mais"},"content":{"rendered":"\n<p>A Prefeitura de Capela anunciou oficialmente nesta sexta-feira, 02, a programa\u00e7\u00e3o dos festejos juninos da cidade, que acontecem a partir do dia 31 de maio, culminando no maior S\u00e3o Pedro do Brasil e na tradicional Festa do Mastro, que acontece h\u00e1 86 anos.<\/p>\n\n\n\n<p>Segundo o prefeito Junior Tourinho, a programa\u00e7\u00e3o respeita os folguedos tradicionais do munic\u00edpio, que percorrem todo o m\u00eas de junho, com novidades para comerciantes e tamb\u00e9m para a popula\u00e7\u00e3o.<\/p>\n\n\n\n<p>\u201cA Festa do Mastro faz parte de nossa identidade enquanto capelenses, por isso mantemos o respeito \u00e0s tradi\u00e7\u00f5es e os folguedos realizados ano ap\u00f3s ano. Al\u00e9m disso, de forma in\u00e9dita, o Cortejo do Mastro contar\u00e1 com o comandante Xand Avi\u00e3o, conhecido por todos por sua energia, pelo respeito \u00e0s tradi\u00e7\u00f5es nordestinas e ao nosso forr\u00f3, ritmo que embala nossa festa\u201d, explicou o prefeito.<\/p>\n\n\n\n<p>Al\u00e9m da&nbsp; programa\u00e7\u00e3o, a Prefeitura Municipal de Capela preparou algumas novidades. Entre os dias 12 e 27 de junho, buscando valorizar nossa cultura, artesanatos e empreendedorismo, o Arrai\u00e1 Mestre Correia dos Oito Baixos, levar\u00e1 divers\u00e3o, cultura e m\u00fasica, com artesanatos, comidas t\u00edpicas, apresenta\u00e7\u00f5es culturais e muito forr\u00f3. E, buscando impulsionar o com\u00e9rcio local, a administra\u00e7\u00e3o municipal apresentou a Campanha S\u00e3o Pedro Premiado, com o sorteio de uma motocicleta Honda Broz 0km.<\/p>\n\n\n\n<p>Confira a programa\u00e7\u00e3o completa:<\/p>\n\n\n\n<p>31 de maio &#8211; 19 h &#8211; Sarandaia<\/p>\n\n\n\n<p>Shows com Forroz\u00e3o Quarto de Milha e Valkyria Santos<\/p>\n\n\n\n<p>Local &#8211; Pra\u00e7a C\u00f4nego Jos\u00e9 Mota Cabral<\/p>\n\n\n\n<p>07 de junho &#8211; 20 h &#8211; Rainha do S\u00e3o Pedro<\/p>\n\n\n\n<p>Shows com Correia dos Oito Baixos, Igor Ativado,&nbsp; Lala Amor Cigano<\/p>\n\n\n\n<p>Local &#8211; Gin\u00e1sio de Esportes<\/p>\n\n\n\n<p>19 de junho &#8211; 8 h &#8211; Marca\u00e7\u00e3o do Mastro&nbsp;<\/p>\n\n\n\n<p>Concentra\u00e7\u00e3o &#8211; Sede da Prefeitura Municipal<\/p>\n\n\n\n<p>Logo ap\u00f3s, shows com Tony Reis, Chicabana e Ant\u00f4nio o Clone<\/p>\n\n\n\n<p>Local &#8211; Largo da Rodovi\u00e1ria<\/p>\n\n\n\n<p>26 de junho &#8211; 19 h &#8211; Missa do Fogueteiro<\/p>\n\n\n\n<p>Local &#8211; Igreja Matriz<\/p>\n\n\n\n<p>27 de junho &#8211; 20 h &#8211; S\u00e3o Pedro<\/p>\n\n\n\n<p>Shows com Saga do Vaqueiro, Iguinho e Lulinha, Danielzinho Jr., Painel de Controle, Tayrone e Felipe Amorim<\/p>\n\n\n\n<p>Local &#8211; Pra\u00e7a D\u00e1rio do Acordeon<\/p>\n\n\n\n<p>28 de junho &#8211; 14 h &#8211; Folguedo da Baiana<\/p>\n\n\n\n<p>Concentra\u00e7\u00e3o &#8211; Sede da Prefeitura Municipal<\/p>\n\n\n\n<p>28h de junho &#8211; 17 h &#8211; Esquenta S\u00e3o Pedro<\/p>\n\n\n\n<p>Shows com Mikael Santos e Leonne o Nobre<\/p>\n\n\n\n<p>Local &#8211; Pra\u00e7a D\u00e1rio do Acordeon<\/p>\n\n\n\n<p>28 de junho &#8211; 20 h &#8211; S\u00e3o Pedro<\/p>\n\n\n\n<p>Shows com Raulzinho do Acordeon, Jonas Esticado, C\u00e9sar Menotti e Fabiano, Luanzinho Moraes, Rey Vaqueiro e Natanzinho Lima<\/p>\n\n\n\n<p>Local &#8211; Pra\u00e7a D\u00e1rio do Acordeon<\/p>\n\n\n\n<p>29 de junho &#8211; 08 h \u2013 Cortejo do Mastro<\/p>\n\n\n\n<p>Concentra\u00e7\u00e3o &#8211; Sede da Prefeitura Municipal<\/p>\n\n\n\n<p>Logo ap\u00f3s, cortejo do Mastro e arrast\u00e3o com Xand Avi\u00e3o<\/p>\n\n\n\n<p>Sa\u00edda &#8211; Mata do Junco<\/p>\n\n\n\n<p>Da Assessoria<\/p>\n","protected":false},"excerpt":{"rendered":"<p>A Prefeitura de Capela anunciou oficialmente nesta sexta-feira, 02, a programa\u00e7\u00e3o dos festejos juninos da cidade, que acontecem a partir do dia 31 de maio, culminando no maior S\u00e3o Pedro do Brasil e na tradicional Festa do Mastro, que acontece h\u00e1 86 anos. Segundo o prefeito Junior Tourinho, a programa\u00e7\u00e3o respeita os folguedos tradicionais do [&hellip;]<\/p>\n","protected":false},"author":2,"featured_media":6079,"comment_status":"open","ping_status":"open","sticky":false,"template":"","format":"standard","meta":{"footnotes":""},"categories":[12,6,7],"tags":[],"class_list":["post-6078","post","type-post","status-publish","format-standard","has-post-thumbnail","hentry","category-agora","category-letreiro","category-sergipe"],"_links":{"self":[{"href":"https:\/\/espacolivresergipe.com.br\/index.php\/wp-json\/wp\/v2\/posts\/6078","targetHints":{"allow":["GET"]}}],"collection":[{"href":"https:\/\/espacolivresergipe.com.br\/index.php\/wp-json\/wp\/v2\/posts"}],"about":[{"href":"https:\/\/espacolivresergipe.com.br\/index.php\/wp-json\/wp\/v2\/types\/post"}],"author":[{"embeddable":true,"href":"https:\/\/espacolivresergipe.com.br\/index.php\/wp-json\/wp\/v2\/users\/2"}],"replies":[{"embeddable":true,"href":"https:\/\/espacolivresergipe.com.br\/index.php\/wp-json\/wp\/v2\/comments?post=6078"}],"version-history":[{"count":1,"href":"https:\/\/espacolivresergipe.com.br\/index.php\/wp-json\/wp\/v2\/posts\/6078\/revisions"}],"predecessor-version":[{"id":6080,"href":"https:\/\/espacolivresergipe.com.br\/index.php\/wp-json\/wp\/v2\/posts\/6078\/revisions\/6080"}],"wp:featuredmedia":[{"embeddable":true,"href":"https:\/\/espacolivresergipe.com.br\/index.php\/wp-json\/wp\/v2\/media\/6079"}],"wp:attachment":[{"href":"https:\/\/espacolivresergipe.com.br\/index.php\/wp-json\/wp\/v2\/media?parent=6078"}],"wp:term":[{"taxonomy":"category","embeddable":true,"href":"https:\/\/espacolivresergipe.com.br\/index.php\/wp-json\/wp\/v2\/categories?post=6078"},{"taxonomy":"post_tag","embeddable":true,"href":"https:\/\/espacolivresergipe.com.br\/index.php\/wp-json\/wp\/v2\/tags?post=6078"}],"curies":[{"name":"wp","href":"https:\/\/api.w.org\/{rel}","templated":true}]}}