{"id":6116,"date":"2025-05-04T06:49:09","date_gmt":"2025-05-04T09:49:09","guid":{"rendered":"https:\/\/espacolivresergipe.com.br\/?p=6116"},"modified":"2025-05-04T06:49:09","modified_gmt":"2025-05-04T09:49:09","slug":"prefeita-emilia-correa-anuncia-estacao-cidadania-como-palco-de-concurso-de-quadrilhas-juninas-em-aracaju","status":"publish","type":"post","link":"https:\/\/espacolivresergipe.com.br\/index.php\/2025\/05\/04\/prefeita-emilia-correa-anuncia-estacao-cidadania-como-palco-de-concurso-de-quadrilhas-juninas-em-aracaju\/","title":{"rendered":"Prefeita Em\u00edlia Corr\u00eaa anuncia Esta\u00e7\u00e3o Cidadania como palco de concurso de quadrilhas juninas em Aracaju"},"content":{"rendered":"\n<p>A manh\u00e3 deste s\u00e1bado, 3, foi marcada pelo encontro da prefeita Em\u00edlia Corr\u00eaa com os membros da Liga de Quadrilhas Juninas de Aracaju e Sergipe (Liquajuse) na sede da organiza\u00e7\u00e3o, no bairro Santo Ant\u00f4nio. A reuni\u00e3o, que se consolidou como mais um marco na hist\u00f3ria da gest\u00e3o municipal, promoveu um rico debate sobre as demandas de infraestrutura e valoriza\u00e7\u00e3o dos quadrilheiros juninos dos mais diversos grupos art\u00edsticos da capital sergipana e tamb\u00e9m do interior do estado.<\/p>\n\n\n\n<p>Al\u00e9m de Em\u00edlia Corr\u00eaa, estiveram presentes no bate-papo: Sueli Pereira, presidente da Liquajuse; S\u00e9rgio Pereira, diretor administrativo da organiza\u00e7\u00e3o; o vereador Binho, mediador do encontro da prefeitura com a Liga; Wallace Machado, diretor do Esta\u00e7\u00e3o Cidadania pela Secretaria Municipal da Juventude e do Esporte (Sejesp), e os 24 representantes de quadrilhas juninas.<\/p>\n\n\n\n<p>Com microfone aberto para os dirigentes dos grupos, cada representante teve a oportunidade de pontuar aspectos que requerem melhorias no setor cultural, com foco na 15\u00aa edi\u00e7\u00e3o do tradicional Concurso Arrasta P\u00e9, previsto para ocorrer de 11 a 15 de junho. Dentre as preocupa\u00e7\u00f5es dos grupos, a necessidade de um espa\u00e7o amplo e de qualidade para acolher o projeto teve destaque e tamb\u00e9m solu\u00e7\u00e3o: Em\u00edlia Corr\u00eaa anunciou que a Prefeitura de Aracaju vai disponibilizar o Esta\u00e7\u00e3o Cidadania, no bairro Bugio, para a realiza\u00e7\u00e3o do evento.<\/p>\n\n\n\n<p>&#8220;A cultura precisa e o povo precisa de voc\u00eas. A gente n\u00e3o pode deixar as quadrilhas morrerem de jeito nenhum&#8221;, declarou a prefeita que, logo nos momentos do bate-papo, enfatizou o objetivo de escutar todas as dificuldades e pensar em como minimiz\u00e1-las. &#8220;N\u00e3o podemos somente chegar ao momento da apresenta\u00e7\u00e3o de voc\u00eas e prestigiar dizendo &#8216;que coisa linda e emocionante&#8217;, mas, sim, saber tamb\u00e9m as dores que voc\u00eas est\u00e3o vivendo para nos proporcionar aquele espet\u00e1culo. A gente quer inibir essas dores&#8221;.<\/p>\n\n\n\n<p>A reuni\u00e3o tamb\u00e9m foi simb\u00f3lica para Sueli Pereira, primeira presidente mulher a comandar a Liga. &#8220;Fui eleita presidente no dia 11 de janeiro, mas estou trabalhando com a Liga desde 2018. \u00c9 muito importante que a prefeita esteja com a gente neste momento, porque \u00e9 o poder p\u00fablico conhecendo o movimento das quadrilhas juninas como um todo. \u00c9 a primeira vez que um gestor municipal vem e passa tanto tempo escutando a nossa dor&#8221;, revelou, emocionada. Na conversa, Em\u00edlia Corr\u00eaa e Maria Sueli lembraram de como, historicamente, muitas mulheres deixaram o sonho de se apresentar nas quadrilhas por n\u00e3o conseguirem sustento e modos de conciliar com as tarefas do dia a dia.<\/p>\n\n\n\n<p>Etelvan dos Santos, dirigente da Quadrilha Junina Xod\u00f3 da Vila, do Conjunto Jardim Esperan\u00e7a &#8211; In\u00e1cio Barbosa, destacou a necessidade de celeridade e efetividade nas emendas parlamentares que beneficiam o setor cultural. &#8220;\u00c9 sempre um desafio fazer uma quadrilha acontecer e os nossos grupos est\u00e3o envelhecendo. N\u00e3o est\u00e1 havendo uma reposi\u00e7\u00e3o. Precisamos voltar com as quadrilhas nas escolas e precisamos de um fomento maior, com leis de incentivo para esse projeto&#8221;, disse. Em resposta, a prefeita firmou o compromisso de alinhar com a C\u00e2mara Municipal a celeridade das emendas e ressaltou a cria\u00e7\u00e3o da Secretaria da Cultura, que logo assumir\u00e1 as demandas.<\/p>\n\n\n\n<p>&#8220;A vinda da prefeita Em\u00edlia hoje foi algo muito positivo, pelo fato dela entender, ouvir, autorizar um concurso que nunca foi feito antes em parceria com a prefeitura. Se trata do maior concurso de Sergipe e nunca foi realizado na cidade de Aracaju com o espa\u00e7o cedido pela prefeitura. Hoje vem e autoriza esse espa\u00e7o. \u00c9 uma vit\u00f3ria muito grande&#8221;, comemorou o vereador Binho, que dan\u00e7a h\u00e1 mais de 20 anos e tamb\u00e9m levou os representantes da sua quadrilha, a Rosa Dourada.<\/p>\n\n\n\n<p>S\u00e9rgio Pereira, diretor administrativo da Liquajuse, tamb\u00e9m \u00e9 presidente da Confedera\u00e7\u00e3o Brasileira de Entidades de Quadrilhas Juninas (Confebraq), que representa as quadrilhas a n\u00edvel nacional. Ele manifestou o desejo de que Aracaju sedie o campeonato brasileiro no pr\u00f3ximo ano e agradeceu o apoio da prefeitura. &#8220;Eu n\u00e3o sei nem descrever o tamanho da satisfa\u00e7\u00e3o de ter recebido Em\u00edlia Correia aqui na sede da Liquajuse. \u00c9 a primeira vez que a gente consegue trazer um gestor p\u00fablico aqui para conversar diretamente com os grupos juninos. Agrade\u00e7o por nos acolher e por nos trazer uma solu\u00e7\u00e3o para um problema que a Liga vem sofrendo&#8221;, concluiu.<\/p>\n\n\n\n<p>No fim da reuni\u00e3o, a Liquajuse realizou o sorteio das oito quadrilhas finalistas do concurso.<\/p>\n\n\n\n<p>As quadrilhas juninas s\u00e3o reconhecidas, a n\u00edvel municipal e estadual, como Patrim\u00f4nio Cultural Imaterial e tem grande relev\u00e2ncia e impacto cultural na tradi\u00e7\u00e3o junina da regi\u00e3o.<\/p>\n\n\n\n<p>Foto: Karla Tavares<\/p>\n","protected":false},"excerpt":{"rendered":"<p>A manh\u00e3 deste s\u00e1bado, 3, foi marcada pelo encontro da prefeita Em\u00edlia Corr\u00eaa com os membros da Liga de Quadrilhas Juninas de Aracaju e Sergipe (Liquajuse) na sede da organiza\u00e7\u00e3o, no bairro Santo Ant\u00f4nio. A reuni\u00e3o, que se consolidou como mais um marco na hist\u00f3ria da gest\u00e3o municipal, promoveu um rico debate sobre as demandas [&hellip;]<\/p>\n","protected":false},"author":2,"featured_media":6117,"comment_status":"open","ping_status":"open","sticky":false,"template":"","format":"standard","meta":{"footnotes":""},"categories":[11,6,10],"tags":[],"class_list":["post-6116","post","type-post","status-publish","format-standard","has-post-thumbnail","hentry","category-destaque","category-letreiro","category-noticias"],"_links":{"self":[{"href":"https:\/\/espacolivresergipe.com.br\/index.php\/wp-json\/wp\/v2\/posts\/6116","targetHints":{"allow":["GET"]}}],"collection":[{"href":"https:\/\/espacolivresergipe.com.br\/index.php\/wp-json\/wp\/v2\/posts"}],"about":[{"href":"https:\/\/espacolivresergipe.com.br\/index.php\/wp-json\/wp\/v2\/types\/post"}],"author":[{"embeddable":true,"href":"https:\/\/espacolivresergipe.com.br\/index.php\/wp-json\/wp\/v2\/users\/2"}],"replies":[{"embeddable":true,"href":"https:\/\/espacolivresergipe.com.br\/index.php\/wp-json\/wp\/v2\/comments?post=6116"}],"version-history":[{"count":1,"href":"https:\/\/espacolivresergipe.com.br\/index.php\/wp-json\/wp\/v2\/posts\/6116\/revisions"}],"predecessor-version":[{"id":6118,"href":"https:\/\/espacolivresergipe.com.br\/index.php\/wp-json\/wp\/v2\/posts\/6116\/revisions\/6118"}],"wp:featuredmedia":[{"embeddable":true,"href":"https:\/\/espacolivresergipe.com.br\/index.php\/wp-json\/wp\/v2\/media\/6117"}],"wp:attachment":[{"href":"https:\/\/espacolivresergipe.com.br\/index.php\/wp-json\/wp\/v2\/media?parent=6116"}],"wp:term":[{"taxonomy":"category","embeddable":true,"href":"https:\/\/espacolivresergipe.com.br\/index.php\/wp-json\/wp\/v2\/categories?post=6116"},{"taxonomy":"post_tag","embeddable":true,"href":"https:\/\/espacolivresergipe.com.br\/index.php\/wp-json\/wp\/v2\/tags?post=6116"}],"curies":[{"name":"wp","href":"https:\/\/api.w.org\/{rel}","templated":true}]}}