{"id":6128,"date":"2025-05-04T07:59:07","date_gmt":"2025-05-04T10:59:07","guid":{"rendered":"https:\/\/espacolivresergipe.com.br\/?p=6128"},"modified":"2025-05-04T07:59:08","modified_gmt":"2025-05-04T10:59:08","slug":"prefeitura-de-aracaju-cria-a-carteira-de-identificacao-da-pessoa-com-tea","status":"publish","type":"post","link":"https:\/\/espacolivresergipe.com.br\/index.php\/2025\/05\/04\/prefeitura-de-aracaju-cria-a-carteira-de-identificacao-da-pessoa-com-tea\/","title":{"rendered":"Prefeitura de Aracaju cria a Carteira de Identifica\u00e7\u00e3o da Pessoa com TEA"},"content":{"rendered":"\n<p>Um passo importante para garantia de direitos da pessoa com espectro autista foi dado nesta semana. A prefeita de Aracaju, Em\u00edlia Corr\u00eaa, assinou o decreto 8.124\/2025, que institui a Carteira de Identifica\u00e7\u00e3o da Pessoa com Transtorno do Espectro Autista (CIPTEA). A emiss\u00e3o ficar\u00e1 sobre a responsabilidade da Secretaria Municipal da Fam\u00edlia e da Assist\u00eancia Social (Semfas).<\/p>\n\n\n\n<p>A Lei Municipal n\u00ba 5.762\/2023, que criou o Programa de Aten\u00e7\u00e3o Integral ao Autismo no Munic\u00edpio de Aracaju, de autoria da ent\u00e3o vereadora Em\u00edlia Corr\u00eaa, prev\u00ea a\u00e7\u00f5es que objetivam atender as pessoas diagnosticadas com Transtorno do Espectro Autista (TEA).<\/p>\n\n\n\n<p>J\u00e1 como prefeita, Em\u00edlia Corr\u00eaa institui a CIPTEA, documento que assegurar\u00e1 prioridade no atendimento e no acesso a servi\u00e7os p\u00fablicos e privados. &#8220;A identifica\u00e7\u00e3o oficial evita o constrangimento e garante o respeito aos direitos j\u00e1 previstos em lei&#8221;, pontua a prefeita.<\/p>\n\n\n\n<p>A regulamenta\u00e7\u00e3o foi oficializada pela publica\u00e7\u00e3o do decreto no Di\u00e1rio Oficial do Munic\u00edpio no dia 30 de abril. O pr\u00f3ximo passo ser\u00e1 a publica\u00e7\u00e3o de uma portaria pela Semfas, detalhando o modelo e os procedimentos necess\u00e1rios para solicitar o documento.<\/p>\n\n\n\n<p>Simone Valadares, Secret\u00e1ria da Fam\u00edlia e da Assist\u00eancia Social, esclarece que a CIPTEA ainda n\u00e3o est\u00e1 dispon\u00edvel para emiss\u00e3o. A portaria estabelecer\u00e1 quais documentos ser\u00e3o exigidos, os locais de atendimento e o fluxo de an\u00e1lise. A partir da publica\u00e7\u00e3o do ato normativo, a popula\u00e7\u00e3o poder\u00e1 realizar o requerimento da carteira.<\/p>\n\n\n\n<p>Ap\u00f3s o protocolo do pedido, o prazo para entrega da CIPTEA ser\u00e1 de at\u00e9 60 dias corridos, conforme prev\u00ea o decreto. A carteira ter\u00e1 sua emiss\u00e3o gratuita.<\/p>\n\n\n\n<p>A prefeitura refor\u00e7a que a regulamenta\u00e7\u00e3o \u00e9 um avan\u00e7o importante na pol\u00edtica de inclus\u00e3o e aten\u00e7\u00e3o \u00e0s pessoas com autismo.<\/p>\n\n\n\n<p>Mais informa\u00e7\u00f5es ser\u00e3o amplamente divulgadas assim que a portaria for publicada.<\/p>\n\n\n\n<p>Foto: Karla Tavares\/Secom PMA<\/p>\n","protected":false},"excerpt":{"rendered":"<p>Um passo importante para garantia de direitos da pessoa com espectro autista foi dado nesta semana. A prefeita de Aracaju, Em\u00edlia Corr\u00eaa, assinou o decreto 8.124\/2025, que institui a Carteira de Identifica\u00e7\u00e3o da Pessoa com Transtorno do Espectro Autista (CIPTEA). A emiss\u00e3o ficar\u00e1 sobre a responsabilidade da Secretaria Municipal da Fam\u00edlia e da Assist\u00eancia Social [&hellip;]<\/p>\n","protected":false},"author":2,"featured_media":6129,"comment_status":"open","ping_status":"open","sticky":false,"template":"","format":"standard","meta":{"footnotes":""},"categories":[13,6,10],"tags":[],"class_list":["post-6128","post","type-post","status-publish","format-standard","has-post-thumbnail","hentry","category-acontece","category-letreiro","category-noticias"],"_links":{"self":[{"href":"https:\/\/espacolivresergipe.com.br\/index.php\/wp-json\/wp\/v2\/posts\/6128","targetHints":{"allow":["GET"]}}],"collection":[{"href":"https:\/\/espacolivresergipe.com.br\/index.php\/wp-json\/wp\/v2\/posts"}],"about":[{"href":"https:\/\/espacolivresergipe.com.br\/index.php\/wp-json\/wp\/v2\/types\/post"}],"author":[{"embeddable":true,"href":"https:\/\/espacolivresergipe.com.br\/index.php\/wp-json\/wp\/v2\/users\/2"}],"replies":[{"embeddable":true,"href":"https:\/\/espacolivresergipe.com.br\/index.php\/wp-json\/wp\/v2\/comments?post=6128"}],"version-history":[{"count":1,"href":"https:\/\/espacolivresergipe.com.br\/index.php\/wp-json\/wp\/v2\/posts\/6128\/revisions"}],"predecessor-version":[{"id":6130,"href":"https:\/\/espacolivresergipe.com.br\/index.php\/wp-json\/wp\/v2\/posts\/6128\/revisions\/6130"}],"wp:featuredmedia":[{"embeddable":true,"href":"https:\/\/espacolivresergipe.com.br\/index.php\/wp-json\/wp\/v2\/media\/6129"}],"wp:attachment":[{"href":"https:\/\/espacolivresergipe.com.br\/index.php\/wp-json\/wp\/v2\/media?parent=6128"}],"wp:term":[{"taxonomy":"category","embeddable":true,"href":"https:\/\/espacolivresergipe.com.br\/index.php\/wp-json\/wp\/v2\/categories?post=6128"},{"taxonomy":"post_tag","embeddable":true,"href":"https:\/\/espacolivresergipe.com.br\/index.php\/wp-json\/wp\/v2\/tags?post=6128"}],"curies":[{"name":"wp","href":"https:\/\/api.w.org\/{rel}","templated":true}]}}