{"id":6134,"date":"2025-05-04T09:08:20","date_gmt":"2025-05-04T12:08:20","guid":{"rendered":"https:\/\/espacolivresergipe.com.br\/?p=6134"},"modified":"2025-05-04T09:08:22","modified_gmt":"2025-05-04T12:08:22","slug":"sergipe-segue-com-previsao-de-chuvas-moderadas-a-intensas-e-ventos-podem-variar-de-40-a-80-km-h-ate-terca-feira","status":"publish","type":"post","link":"https:\/\/espacolivresergipe.com.br\/index.php\/2025\/05\/04\/sergipe-segue-com-previsao-de-chuvas-moderadas-a-intensas-e-ventos-podem-variar-de-40-a-80-km-h-ate-terca-feira\/","title":{"rendered":"Sergipe segue com previs\u00e3o de chuvas moderadas a intensas e ventos podem variar de 40 a 80 km\/h, at\u00e9 ter\u00e7a-feira"},"content":{"rendered":"\n<p>O Governo de Sergipe, por meio da Semac, emitiu um novo aviso meteorol\u00f3gico com probabilidade de chuvas moderadas a intensas e possibilidade de trovoadas e descargas el\u00e9tricas.<\/p>\n\n\n\n<p>De acordo com a an\u00e1lise, a instabilidade termodin\u00e2mica no estado pode se estender deste domingo (04), at\u00e9 a pr\u00f3xima ter\u00e7a-feira (06). Neste per\u00edodo, o acumulado de chuvas pode ultrapassar 50 mm ou 100 mm\/dia, e os ventos intensos podem variar de 40 a 80 km\/h, a depender da regi\u00e3o.<\/p>\n\n\n\n<p>Na \u00faltima quinta-feira (1\u00ba), a Semac j\u00e1 havia informado \u00e0 popula\u00e7\u00e3o sergipana sobre a possibilidade de incid\u00eancia de fortes chuvas. A Defesa Civil Estadual est\u00e1 com alerta emitido, vigente de 2 a 5 de maio.<\/p>\n\n\n\n<p>At\u00e9 a manh\u00e3 do \u00faltimo s\u00e1bado (03), os pluvi\u00f4metros registraram munic\u00edpios com acumulados elevados, como 144mm em Est\u00e2ncia e 46mm em S\u00e3o Crist\u00f3v\u00e3o.<\/p>\n\n\n\n<p>A meteorologista da Semac, Wanda Tathyana, ressaltou que durante o per\u00edodo do aviso, o acumulado pode ultrapassar 250mm em alguns munic\u00edpios. \u201cA frente estacion\u00e1ria continua atuando e favorece a chegada de instabilidades termodin\u00e2micas em Sergipe, por conta da canaliza\u00e7\u00e3o do fluxo de umidade nos baixos n\u00edveis da atmosfera, facilitando o transporte de nuvens convectivas para o estado. Como tamb\u00e9m, devido ao intenso aquecimento e umidade do oceano Atl\u00e2ntico adjacente. A atmosfera est\u00e1 apresentando umidade e, juntamente com as elevadas temperaturas, provoca possibilidade de manuten\u00e7\u00e3o e desenvolvimento de nuvens de grande desenvolvimento vertical\u201d, detalhou.<\/p>\n\n\n\n<p>A Secretaria de Estado do Meio Ambiente, Sustentabilidade e A\u00e7\u00f5es Clim\u00e1ticas segue monitorando as condi\u00e7\u00f5es, e refor\u00e7a que a ocorr\u00eancia de chuvas pode gerar acumulados expressivos para o estado. Tal cen\u00e1rio gera riscos em rodovias, alagamentos, deslizamentos de encostas, transbordamento de pequenos c\u00f3rregos e riachos, al\u00e9m dos principais rios e lagoas.<\/p>\n\n\n\n<p>Foto: Arthuro Paganin<\/p>\n","protected":false},"excerpt":{"rendered":"<p>O Governo de Sergipe, por meio da Semac, emitiu um novo aviso meteorol\u00f3gico com probabilidade de chuvas moderadas a intensas e possibilidade de trovoadas e descargas el\u00e9tricas. De acordo com a an\u00e1lise, a instabilidade termodin\u00e2mica no estado pode se estender deste domingo (04), at\u00e9 a pr\u00f3xima ter\u00e7a-feira (06). Neste per\u00edodo, o acumulado de chuvas pode [&hellip;]<\/p>\n","protected":false},"author":2,"featured_media":6135,"comment_status":"open","ping_status":"open","sticky":false,"template":"","format":"standard","meta":{"footnotes":""},"categories":[6,7],"tags":[],"class_list":["post-6134","post","type-post","status-publish","format-standard","has-post-thumbnail","hentry","category-letreiro","category-sergipe"],"_links":{"self":[{"href":"https:\/\/espacolivresergipe.com.br\/index.php\/wp-json\/wp\/v2\/posts\/6134","targetHints":{"allow":["GET"]}}],"collection":[{"href":"https:\/\/espacolivresergipe.com.br\/index.php\/wp-json\/wp\/v2\/posts"}],"about":[{"href":"https:\/\/espacolivresergipe.com.br\/index.php\/wp-json\/wp\/v2\/types\/post"}],"author":[{"embeddable":true,"href":"https:\/\/espacolivresergipe.com.br\/index.php\/wp-json\/wp\/v2\/users\/2"}],"replies":[{"embeddable":true,"href":"https:\/\/espacolivresergipe.com.br\/index.php\/wp-json\/wp\/v2\/comments?post=6134"}],"version-history":[{"count":1,"href":"https:\/\/espacolivresergipe.com.br\/index.php\/wp-json\/wp\/v2\/posts\/6134\/revisions"}],"predecessor-version":[{"id":6136,"href":"https:\/\/espacolivresergipe.com.br\/index.php\/wp-json\/wp\/v2\/posts\/6134\/revisions\/6136"}],"wp:featuredmedia":[{"embeddable":true,"href":"https:\/\/espacolivresergipe.com.br\/index.php\/wp-json\/wp\/v2\/media\/6135"}],"wp:attachment":[{"href":"https:\/\/espacolivresergipe.com.br\/index.php\/wp-json\/wp\/v2\/media?parent=6134"}],"wp:term":[{"taxonomy":"category","embeddable":true,"href":"https:\/\/espacolivresergipe.com.br\/index.php\/wp-json\/wp\/v2\/categories?post=6134"},{"taxonomy":"post_tag","embeddable":true,"href":"https:\/\/espacolivresergipe.com.br\/index.php\/wp-json\/wp\/v2\/tags?post=6134"}],"curies":[{"name":"wp","href":"https:\/\/api.w.org\/{rel}","templated":true}]}}