{"id":6143,"date":"2025-05-04T09:59:49","date_gmt":"2025-05-04T12:59:49","guid":{"rendered":"https:\/\/espacolivresergipe.com.br\/?p=6143"},"modified":"2025-05-04T09:59:49","modified_gmt":"2025-05-04T12:59:49","slug":"motorista-morre-apos-carro-sair-da-pista-na-se-230-em-porto-da-folha","status":"publish","type":"post","link":"https:\/\/espacolivresergipe.com.br\/index.php\/2025\/05\/04\/motorista-morre-apos-carro-sair-da-pista-na-se-230-em-porto-da-folha\/","title":{"rendered":"Motorista morre ap\u00f3s carro sair da pista na SE-230, em Porto da Folha"},"content":{"rendered":"\n<p>O condutor de um ve\u00edculo Corsa morreu na madrugada deste domingo (04), ap\u00f3s o carro sair da pista na rodovia SE-230, nas proximidades do povoado Vaca Serrada, em &nbsp;Porto da Folha.<\/p>\n\n\n\n<p>A v\u00edtima n\u00e3o possu\u00eda Carteira Nacional de Habilita\u00e7\u00e3o (CNH) e morreu ainda no local.<\/p>\n\n\n\n<p>As informa\u00e7\u00f5es passadas pelo Batalh\u00e3o de Pol\u00edcia Rodovi\u00e1ria Estadual (BPRv) s\u00e3o de que o motorista n\u00e3o possu\u00eda Carteira Nacional de Habilita\u00e7\u00e3o (CNH). O BPRv informou ainda &nbsp;que p Corsa estava acoplado a um reboque sem identifica\u00e7\u00e3o.<\/p>\n\n\n\n<p>Uma equipe do Servi\u00e7o de Atendimento M\u00f3vel de Urg\u00eancia (Samu) foi acionado e confirmou o \u00f3bito da vitima no local.<\/p>\n\n\n\n<p>O Instituto M\u00e9dico Legal (IML) recolheu o corpo.<\/p>\n\n\n\n<p>Com &nbsp;informa\u00e7\u00f5es e Foto do BPRv<\/p>\n","protected":false},"excerpt":{"rendered":"<p>O condutor de um ve\u00edculo Corsa morreu na madrugada deste domingo (04), ap\u00f3s o carro sair da pista na rodovia SE-230, nas proximidades do povoado Vaca Serrada, em &nbsp;Porto da Folha. A v\u00edtima n\u00e3o possu\u00eda Carteira Nacional de Habilita\u00e7\u00e3o (CNH) e morreu ainda no local. As informa\u00e7\u00f5es passadas pelo Batalh\u00e3o de Pol\u00edcia Rodovi\u00e1ria Estadual (BPRv) [&hellip;]<\/p>\n","protected":false},"author":2,"featured_media":6144,"comment_status":"open","ping_status":"open","sticky":false,"template":"","format":"standard","meta":{"footnotes":""},"categories":[6,7],"tags":[],"class_list":["post-6143","post","type-post","status-publish","format-standard","has-post-thumbnail","hentry","category-letreiro","category-sergipe"],"_links":{"self":[{"href":"https:\/\/espacolivresergipe.com.br\/index.php\/wp-json\/wp\/v2\/posts\/6143","targetHints":{"allow":["GET"]}}],"collection":[{"href":"https:\/\/espacolivresergipe.com.br\/index.php\/wp-json\/wp\/v2\/posts"}],"about":[{"href":"https:\/\/espacolivresergipe.com.br\/index.php\/wp-json\/wp\/v2\/types\/post"}],"author":[{"embeddable":true,"href":"https:\/\/espacolivresergipe.com.br\/index.php\/wp-json\/wp\/v2\/users\/2"}],"replies":[{"embeddable":true,"href":"https:\/\/espacolivresergipe.com.br\/index.php\/wp-json\/wp\/v2\/comments?post=6143"}],"version-history":[{"count":1,"href":"https:\/\/espacolivresergipe.com.br\/index.php\/wp-json\/wp\/v2\/posts\/6143\/revisions"}],"predecessor-version":[{"id":6145,"href":"https:\/\/espacolivresergipe.com.br\/index.php\/wp-json\/wp\/v2\/posts\/6143\/revisions\/6145"}],"wp:featuredmedia":[{"embeddable":true,"href":"https:\/\/espacolivresergipe.com.br\/index.php\/wp-json\/wp\/v2\/media\/6144"}],"wp:attachment":[{"href":"https:\/\/espacolivresergipe.com.br\/index.php\/wp-json\/wp\/v2\/media?parent=6143"}],"wp:term":[{"taxonomy":"category","embeddable":true,"href":"https:\/\/espacolivresergipe.com.br\/index.php\/wp-json\/wp\/v2\/categories?post=6143"},{"taxonomy":"post_tag","embeddable":true,"href":"https:\/\/espacolivresergipe.com.br\/index.php\/wp-json\/wp\/v2\/tags?post=6143"}],"curies":[{"name":"wp","href":"https:\/\/api.w.org\/{rel}","templated":true}]}}